{"id":10052,"date":"2026-04-30T10:35:07","date_gmt":"2026-04-30T13:35:07","guid":{"rendered":"https:\/\/radioclubedeinhapim.com.br\/?p=10052"},"modified":"2026-04-30T10:35:07","modified_gmt":"2026-04-30T13:35:07","slug":"homem-e-preso-por-tentar-matar-o-proprio-pai-em-piedade-de-caratinga","status":"publish","type":"post","link":"http:\/\/radioclubedeinhapim.com.br\/index.php\/2026\/04\/30\/homem-e-preso-por-tentar-matar-o-proprio-pai-em-piedade-de-caratinga\/","title":{"rendered":"Homem \u00e9 preso por tentar matar o pr\u00f3prio pai em Piedade de Caratinga"},"content":{"rendered":"\n<p>Um homem de 39 anos, foi preso preventivamente na tarde desta ter\u00e7a-feira (29), em Piedade de Caratinga, suspeito de tentar matar o pr\u00f3prio pai. A pris\u00e3o foi divulgada pelo Minist\u00e9rio P\u00fablico de Minas Gerais (MPMG), por meio da 2\u00aa Promotoria de Justi\u00e7a de Inhapim.<\/p>\n\n\n\n<p>De acordo com as investiga\u00e7\u00f5es, o crime aconteceu no dia 11 de fevereiro deste ano, em S\u00e3o Jo\u00e3o do Oriente. A v\u00edtima teria flagrado o filho furtando galinhas durante a madrugada. Ao ser repreendido, o suspeito pegou um peda\u00e7o de madeira e passou a agredir o pai, atingindo principalmente a cabe\u00e7a.<\/p>\n\n\n\n<p>O idoso sofreu diversos ferimentos e precisou ser socorrido para atendimento m\u00e9dico.<\/p>\n\n\n\n<p>Segundo o Minist\u00e9rio P\u00fablico, o investigado j\u00e1 apresentava hist\u00f3rico de comportamento agressivo, frequentemente ligado \u00e0 exig\u00eancia de dinheiro para compra de drogas.<\/p>\n\n\n\n<p>Ao solicitar a pris\u00e3o preventiva, o MPMG destacou a gravidade do caso, o risco de novos crimes e a necessidade de garantir a seguran\u00e7a da v\u00edtima, considerada em situa\u00e7\u00e3o de vulnerabilidade.<\/p>\n\n\n\n<p>O suspeito foi encaminhado ao sistema prisional e permanece \u00e0 disposi\u00e7\u00e3o da Justi\u00e7a.<\/p>\n","protected":false},"excerpt":{"rendered":"<p>Um homem de 39 anos, foi preso preventivamente na tarde desta ter\u00e7a-feira (29), em Piedade de Caratinga, suspeito de tentar matar o pr\u00f3prio pai. A pris\u00e3o foi divulgada pelo Minist\u00e9rio P\u00fablico de Minas Gerais (MPMG), por meio da 2\u00aa Promotoria de Justi\u00e7a de Inhapim. De acordo com as investiga\u00e7\u00f5es, o crime aconteceu no dia 11 [&hellip;]<\/p>\n","protected":false},"author":2,"featured_media":10053,"comment_status":"open","ping_status":"open","sticky":false,"template":"","format":"standard","meta":{"footnotes":""},"categories":[5,1],"tags":[],"class_list":["post-10052","post","type-post","status-publish","format-standard","has-post-thumbnail","hentry","category-noticias","category-uncategorized"],"wpmagazine_modules_lite_featured_media_urls":{"thumbnail":["http:\/\/radioclubedeinhapim.com.br\/wp-content\/uploads\/2026\/04\/12-150x150.jpg",150,150,true],"cvmm-medium":["http:\/\/radioclubedeinhapim.com.br\/wp-content\/uploads\/2026\/04\/12-300x300.jpg",300,300,true],"cvmm-medium-plus":["http:\/\/radioclubedeinhapim.com.br\/wp-content\/uploads\/2026\/04\/12-305x207.jpg",305,207,true],"cvmm-portrait":["http:\/\/radioclubedeinhapim.com.br\/wp-content\/uploads\/2026\/04\/12-400x600.jpg",400,600,true],"cvmm-medium-square":["http:\/\/radioclubedeinhapim.com.br\/wp-content\/uploads\/2026\/04\/12-600x600.jpg",600,600,true],"cvmm-large":["http:\/\/radioclubedeinhapim.com.br\/wp-content\/uploads\/2026\/04\/12-1024x1024.jpg",1024,1024,true],"cvmm-small":["http:\/\/radioclubedeinhapim.com.br\/wp-content\/uploads\/2026\/04\/12-130x95.jpg",130,95,true],"full":["http:\/\/radioclubedeinhapim.com.br\/wp-content\/uploads\/2026\/04\/12.jpg",1080,1080,false]},"categories_names":{"5":{"name":"Not\u00edcias","link":"http:\/\/radioclubedeinhapim.com.br\/index.php\/category\/noticias\/"},"1":{"name":"Uncategorized","link":"http:\/\/radioclubedeinhapim.com.br\/index.php\/category\/uncategorized\/"}},"tags_names":[],"comments_number":"0","_links":{"self":[{"href":"http:\/\/radioclubedeinhapim.com.br\/index.php\/wp-json\/wp\/v2\/posts\/10052","targetHints":{"allow":["GET"]}}],"collection":[{"href":"http:\/\/radioclubedeinhapim.com.br\/index.php\/wp-json\/wp\/v2\/posts"}],"about":[{"href":"http:\/\/radioclubedeinhapim.com.br\/index.php\/wp-json\/wp\/v2\/types\/post"}],"author":[{"embeddable":true,"href":"http:\/\/radioclubedeinhapim.com.br\/index.php\/wp-json\/wp\/v2\/users\/2"}],"replies":[{"embeddable":true,"href":"http:\/\/radioclubedeinhapim.com.br\/index.php\/wp-json\/wp\/v2\/comments?post=10052"}],"version-history":[{"count":1,"href":"http:\/\/radioclubedeinhapim.com.br\/index.php\/wp-json\/wp\/v2\/posts\/10052\/revisions"}],"predecessor-version":[{"id":10054,"href":"http:\/\/radioclubedeinhapim.com.br\/index.php\/wp-json\/wp\/v2\/posts\/10052\/revisions\/10054"}],"wp:featuredmedia":[{"embeddable":true,"href":"http:\/\/radioclubedeinhapim.com.br\/index.php\/wp-json\/wp\/v2\/media\/10053"}],"wp:attachment":[{"href":"http:\/\/radioclubedeinhapim.com.br\/index.php\/wp-json\/wp\/v2\/media?parent=10052"}],"wp:term":[{"taxonomy":"category","embeddable":true,"href":"http:\/\/radioclubedeinhapim.com.br\/index.php\/wp-json\/wp\/v2\/categories?post=10052"},{"taxonomy":"post_tag","embeddable":true,"href":"http:\/\/radioclubedeinhapim.com.br\/index.php\/wp-json\/wp\/v2\/tags?post=10052"}],"curies":[{"name":"wp","href":"https:\/\/api.w.org\/{rel}","templated":true}]}}