{"id":1040,"date":"2024-08-02T10:15:56","date_gmt":"2024-08-02T13:15:56","guid":{"rendered":"https:\/\/radioclubedeinhapim.com.br\/?p=1040"},"modified":"2024-08-02T10:15:56","modified_gmt":"2024-08-02T13:15:56","slug":"homem-e-condenado-a-56-anos-de-prisao-por-estuprar-as-quatro-irmas-menores-de-idade","status":"publish","type":"post","link":"http:\/\/radioclubedeinhapim.com.br\/index.php\/2024\/08\/02\/homem-e-condenado-a-56-anos-de-prisao-por-estuprar-as-quatro-irmas-menores-de-idade\/","title":{"rendered":"Homem \u00e9 condenado a 56 anos de pris\u00e3o por estuprar as quatro irm\u00e3s menores de idade"},"content":{"rendered":"\n<p>Um homem foi condenado a 56 anos de pris\u00e3o em regime fechado por estuprar as quatro irm\u00e3s menores de 14 anos no distrito de Ipoema, em Itabira, Regi\u00e3o Central de Minas. Segundo a den\u00fancia, os abusos aconteceram v\u00e1rias vezes entre 2011 e 2014.<\/p>\n\n\n\n<p>De acordo com o Minist\u00e9rio P\u00fablico de Minas Gerais (MPMG), respons\u00e1vel por mover a a\u00e7\u00e3o contra o irm\u00e3o, os abusos aconteciam na casa onde eles moravam. Uma das v\u00edtimas tinha quatro anos de idade quando sofreu a primeira viol\u00eancia.<\/p>\n\n\n\n<p>Para que a m\u00e3e n\u00e3o soubesse, o irm\u00e3o amea\u00e7ava as meninas. Um dia, ela descobriu sobre os abusos, repreendeu o homem, que tentou agredi-la com um fac\u00e3o e um canivete.<\/p>\n\n\n\n<p>As v\u00edtimas disseram que a viol\u00eancia acontecia enquanto a m\u00e3e delas estava dormindo e que os abusos s\u00f3 acabaram quando ela faleceu e elas foram morar em outra cidade, com outros familiares.<\/p>\n\n\n\n<p>Ainda segundo a den\u00fancia, o homem praticava atos libidinosos \u2014 como toque, apalpa\u00e7\u00f5es e beijos \u2014 e tamb\u00e9m consumava o ato sexual. A pena para quem pratica essa viol\u00eancia com menores de 14 anos \u00e9 de 8 a 15 anos de pris\u00e3o.<\/p>\n","protected":false},"excerpt":{"rendered":"<p>Um homem foi condenado a 56 anos de pris\u00e3o em regime fechado por estuprar as quatro irm\u00e3s menores de 14 anos no distrito de Ipoema, em Itabira, Regi\u00e3o Central de Minas. Segundo a den\u00fancia, os abusos aconteceram v\u00e1rias vezes entre 2011 e 2014. De acordo com o Minist\u00e9rio P\u00fablico de Minas Gerais (MPMG), respons\u00e1vel por [&hellip;]<\/p>\n","protected":false},"author":2,"featured_media":1041,"comment_status":"open","ping_status":"open","sticky":false,"template":"","format":"standard","meta":{"footnotes":""},"categories":[5],"tags":[],"class_list":["post-1040","post","type-post","status-publish","format-standard","has-post-thumbnail","hentry","category-noticias"],"wpmagazine_modules_lite_featured_media_urls":{"thumbnail":["http:\/\/radioclubedeinhapim.com.br\/wp-content\/uploads\/2024\/08\/Copia-de-Inserir-um-subtitulo-2024-08-02T101546.663-150x150.jpg",150,150,true],"cvmm-medium":["http:\/\/radioclubedeinhapim.com.br\/wp-content\/uploads\/2024\/08\/Copia-de-Inserir-um-subtitulo-2024-08-02T101546.663-300x300.jpg",300,300,true],"cvmm-medium-plus":["http:\/\/radioclubedeinhapim.com.br\/wp-content\/uploads\/2024\/08\/Copia-de-Inserir-um-subtitulo-2024-08-02T101546.663-305x207.jpg",305,207,true],"cvmm-portrait":["http:\/\/radioclubedeinhapim.com.br\/wp-content\/uploads\/2024\/08\/Copia-de-Inserir-um-subtitulo-2024-08-02T101546.663-400x600.jpg",400,600,true],"cvmm-medium-square":["http:\/\/radioclubedeinhapim.com.br\/wp-content\/uploads\/2024\/08\/Copia-de-Inserir-um-subtitulo-2024-08-02T101546.663-600x600.jpg",600,600,true],"cvmm-large":["http:\/\/radioclubedeinhapim.com.br\/wp-content\/uploads\/2024\/08\/Copia-de-Inserir-um-subtitulo-2024-08-02T101546.663-1024x1024.jpg",1024,1024,true],"cvmm-small":["http:\/\/radioclubedeinhapim.com.br\/wp-content\/uploads\/2024\/08\/Copia-de-Inserir-um-subtitulo-2024-08-02T101546.663-130x95.jpg",130,95,true],"full":["http:\/\/radioclubedeinhapim.com.br\/wp-content\/uploads\/2024\/08\/Copia-de-Inserir-um-subtitulo-2024-08-02T101546.663.jpg",1080,1080,false]},"categories_names":{"5":{"name":"Not\u00edcias","link":"http:\/\/radioclubedeinhapim.com.br\/index.php\/category\/noticias\/"}},"tags_names":[],"comments_number":"0","_links":{"self":[{"href":"http:\/\/radioclubedeinhapim.com.br\/index.php\/wp-json\/wp\/v2\/posts\/1040","targetHints":{"allow":["GET"]}}],"collection":[{"href":"http:\/\/radioclubedeinhapim.com.br\/index.php\/wp-json\/wp\/v2\/posts"}],"about":[{"href":"http:\/\/radioclubedeinhapim.com.br\/index.php\/wp-json\/wp\/v2\/types\/post"}],"author":[{"embeddable":true,"href":"http:\/\/radioclubedeinhapim.com.br\/index.php\/wp-json\/wp\/v2\/users\/2"}],"replies":[{"embeddable":true,"href":"http:\/\/radioclubedeinhapim.com.br\/index.php\/wp-json\/wp\/v2\/comments?post=1040"}],"version-history":[{"count":1,"href":"http:\/\/radioclubedeinhapim.com.br\/index.php\/wp-json\/wp\/v2\/posts\/1040\/revisions"}],"predecessor-version":[{"id":1042,"href":"http:\/\/radioclubedeinhapim.com.br\/index.php\/wp-json\/wp\/v2\/posts\/1040\/revisions\/1042"}],"wp:featuredmedia":[{"embeddable":true,"href":"http:\/\/radioclubedeinhapim.com.br\/index.php\/wp-json\/wp\/v2\/media\/1041"}],"wp:attachment":[{"href":"http:\/\/radioclubedeinhapim.com.br\/index.php\/wp-json\/wp\/v2\/media?parent=1040"}],"wp:term":[{"taxonomy":"category","embeddable":true,"href":"http:\/\/radioclubedeinhapim.com.br\/index.php\/wp-json\/wp\/v2\/categories?post=1040"},{"taxonomy":"post_tag","embeddable":true,"href":"http:\/\/radioclubedeinhapim.com.br\/index.php\/wp-json\/wp\/v2\/tags?post=1040"}],"curies":[{"name":"wp","href":"https:\/\/api.w.org\/{rel}","templated":true}]}}