{"id":1185,"date":"2024-08-09T12:33:10","date_gmt":"2024-08-09T15:33:10","guid":{"rendered":"https:\/\/radioclubedeinhapim.com.br\/?p=1185"},"modified":"2024-08-09T12:33:10","modified_gmt":"2024-08-09T15:33:10","slug":"moradora-de-inhapim-a-cantora-evellin-participara-de-novo-reality-show-musical-da-globo","status":"publish","type":"post","link":"http:\/\/radioclubedeinhapim.com.br\/index.php\/2024\/08\/09\/moradora-de-inhapim-a-cantora-evellin-participara-de-novo-reality-show-musical-da-globo\/","title":{"rendered":"Moradora de Inhapim a cantora Evellin participar\u00e1 de novo reality show musical da Globo"},"content":{"rendered":"\n<p>As cidades de Inhapim e Ipatinga est\u00e3o em festa! A cantora Evellin, natural da regi\u00e3o, acaba de ser confirmada como participante do novo reality show musical da Globo, &#8220;Estrela da Casa&#8221;. A atra\u00e7\u00e3o, que estreia na pr\u00f3xima ter\u00e7a-feira (13), promete revelar um novo talento da m\u00fasica brasileira e j\u00e1 est\u00e1 gerando grande expectativa entre os f\u00e3s.<\/p>\n\n\n\n<p>Comandado por Ana Clara Lima, o programa combina a busca por um <a><\/a>astro da m\u00fasica com a din\u00e2mica de um reality show de confinamento. Os participantes ter\u00e3o que enfrentar diversas provas musicais, desafios e shows ao vivo para conquistar o cora\u00e7\u00e3o do p\u00fablico e o t\u00edtulo de &#8220;Estrela da Casa&#8221;. Assim como O Big Brother Brasil, o reality tamb\u00e9m ter\u00e1 um pay per view dispon\u00edvel 24 horas\/dia.<\/p>\n\n\n\n<p>A participa\u00e7\u00e3o em um reality show de grande alcance como o &#8220;Estrela da Casa&#8221; representa uma oportunidade \u00fanica para Evellin mostrar seu talento para todo o Brasil. A cantora, que j\u00e1 possui uma carreira musical promissora, espera utilizar essa plataforma para alcan\u00e7ar ainda mais sucesso e conquistar novos f\u00e3s.<\/p>\n\n\n\n<p>\u201cDoutora do Sertanejo\u201d: \u00e9 assim que Evellin diz ser conhecida na regi\u00e3o onde vive. Natural de Ipatinga e moradora de Inhapim, no interior de Minas Gerais, ela tem 33 anos e \u00e9 dentista, cantora e compositora.<\/p>\n\n\n\n<p>Evellin \u00e9 rec\u00e9m-casada e o marido \u00e9 seu maior incentivador em sua carreira art\u00edstica. Inspirada pelo pai e pela dupla Zez\u00e9 Di Camargo e Luciano, se apaixonou pela m\u00fasica.<\/p>\n\n\n\n<p>J\u00e1 fez shows de abertura para grandes cantores, como Gusttavo Lima, Dilsinho e Bar\u00f5es da Pisadinha, mas, como muitos, sonha em ser a artista principal dos festivais pelo Brasil. \u201cOu\u00e7o sertanejo desde crian\u00e7a, sou muito f\u00e3 de mod\u00e3o e sertanejo universit\u00e1rio. Gosto de outros estilos, mas sertanejo eu ou\u00e7o o dia todo\u201d, justifica sobre o ritmo que norteia sua carreira art\u00edstica.<\/p>\n","protected":false},"excerpt":{"rendered":"<p>As cidades de Inhapim e Ipatinga est\u00e3o em festa! A cantora Evellin, natural da regi\u00e3o, acaba de ser confirmada como participante do novo reality show musical da Globo, &#8220;Estrela da Casa&#8221;. A atra\u00e7\u00e3o, que estreia na pr\u00f3xima ter\u00e7a-feira (13), promete revelar um novo talento da m\u00fasica brasileira e j\u00e1 est\u00e1 gerando grande expectativa entre os [&hellip;]<\/p>\n","protected":false},"author":2,"featured_media":1166,"comment_status":"open","ping_status":"open","sticky":false,"template":"","format":"standard","meta":{"footnotes":""},"categories":[5],"tags":[],"class_list":["post-1185","post","type-post","status-publish","format-standard","has-post-thumbnail","hentry","category-noticias"],"wpmagazine_modules_lite_featured_media_urls":{"thumbnail":["http:\/\/radioclubedeinhapim.com.br\/wp-content\/uploads\/2024\/08\/Copia-de-Inserir-um-subtitulo-2024-08-09T113721.489-150x150.jpg",150,150,true],"cvmm-medium":["http:\/\/radioclubedeinhapim.com.br\/wp-content\/uploads\/2024\/08\/Copia-de-Inserir-um-subtitulo-2024-08-09T113721.489-300x300.jpg",300,300,true],"cvmm-medium-plus":["http:\/\/radioclubedeinhapim.com.br\/wp-content\/uploads\/2024\/08\/Copia-de-Inserir-um-subtitulo-2024-08-09T113721.489-305x207.jpg",305,207,true],"cvmm-portrait":["http:\/\/radioclubedeinhapim.com.br\/wp-content\/uploads\/2024\/08\/Copia-de-Inserir-um-subtitulo-2024-08-09T113721.489-400x600.jpg",400,600,true],"cvmm-medium-square":["http:\/\/radioclubedeinhapim.com.br\/wp-content\/uploads\/2024\/08\/Copia-de-Inserir-um-subtitulo-2024-08-09T113721.489-600x600.jpg",600,600,true],"cvmm-large":["http:\/\/radioclubedeinhapim.com.br\/wp-content\/uploads\/2024\/08\/Copia-de-Inserir-um-subtitulo-2024-08-09T113721.489-1024x1024.jpg",1024,1024,true],"cvmm-small":["http:\/\/radioclubedeinhapim.com.br\/wp-content\/uploads\/2024\/08\/Copia-de-Inserir-um-subtitulo-2024-08-09T113721.489-130x95.jpg",130,95,true],"full":["http:\/\/radioclubedeinhapim.com.br\/wp-content\/uploads\/2024\/08\/Copia-de-Inserir-um-subtitulo-2024-08-09T113721.489.jpg",1080,1080,false]},"categories_names":{"5":{"name":"Not\u00edcias","link":"http:\/\/radioclubedeinhapim.com.br\/index.php\/category\/noticias\/"}},"tags_names":[],"comments_number":"0","_links":{"self":[{"href":"http:\/\/radioclubedeinhapim.com.br\/index.php\/wp-json\/wp\/v2\/posts\/1185","targetHints":{"allow":["GET"]}}],"collection":[{"href":"http:\/\/radioclubedeinhapim.com.br\/index.php\/wp-json\/wp\/v2\/posts"}],"about":[{"href":"http:\/\/radioclubedeinhapim.com.br\/index.php\/wp-json\/wp\/v2\/types\/post"}],"author":[{"embeddable":true,"href":"http:\/\/radioclubedeinhapim.com.br\/index.php\/wp-json\/wp\/v2\/users\/2"}],"replies":[{"embeddable":true,"href":"http:\/\/radioclubedeinhapim.com.br\/index.php\/wp-json\/wp\/v2\/comments?post=1185"}],"version-history":[{"count":1,"href":"http:\/\/radioclubedeinhapim.com.br\/index.php\/wp-json\/wp\/v2\/posts\/1185\/revisions"}],"predecessor-version":[{"id":1186,"href":"http:\/\/radioclubedeinhapim.com.br\/index.php\/wp-json\/wp\/v2\/posts\/1185\/revisions\/1186"}],"wp:featuredmedia":[{"embeddable":true,"href":"http:\/\/radioclubedeinhapim.com.br\/index.php\/wp-json\/wp\/v2\/media\/1166"}],"wp:attachment":[{"href":"http:\/\/radioclubedeinhapim.com.br\/index.php\/wp-json\/wp\/v2\/media?parent=1185"}],"wp:term":[{"taxonomy":"category","embeddable":true,"href":"http:\/\/radioclubedeinhapim.com.br\/index.php\/wp-json\/wp\/v2\/categories?post=1185"},{"taxonomy":"post_tag","embeddable":true,"href":"http:\/\/radioclubedeinhapim.com.br\/index.php\/wp-json\/wp\/v2\/tags?post=1185"}],"curies":[{"name":"wp","href":"https:\/\/api.w.org\/{rel}","templated":true}]}}