{"id":1482,"date":"2024-08-29T10:14:26","date_gmt":"2024-08-29T13:14:26","guid":{"rendered":"https:\/\/radioclubedeinhapim.com.br\/?p=1482"},"modified":"2024-08-29T10:14:26","modified_gmt":"2024-08-29T13:14:26","slug":"menor-suspeito-de-matar-homem-no-centro-de-vargem-alegre-e-apresentado-pelo-advogado-na-delegacia-de-caratinga","status":"publish","type":"post","link":"http:\/\/radioclubedeinhapim.com.br\/index.php\/2024\/08\/29\/menor-suspeito-de-matar-homem-no-centro-de-vargem-alegre-e-apresentado-pelo-advogado-na-delegacia-de-caratinga\/","title":{"rendered":"Menor suspeito de matar homem no centro de Vargem Alegre \u00e9 apresentado pelo advogado na delegacia de Caratinga"},"content":{"rendered":"\n<p>Na manh\u00e3 desta ter\u00e7a-feira (27\/08), um adolescente de 16 anos e o condutor da motocicleta em que ele estava, de 22 anos, se apresentaram \u00e0 Delegacia de Pol\u00edcia Civil de Caratinga, acompanhados por seu advogado de defesa.<\/p>\n\n\n\n<p>O caso envolve um homic\u00eddio ocorrido na noite do \u00faltimo s\u00e1bado (24\/08) na Rua Manoel Rodrigues Santana, localizada no Bairro Ant\u00f4nio Quirino, em <a><\/a>Vargem Alegre, onde um homem de 46 anos foi morto a tiros.<\/p>\n\n\n\n<p>De acordo com o advogado Dr. Selles, seus clientes foram ouvidos pela autoridade policial como parte do procedimento padr\u00e3o de investiga\u00e7\u00e3o e para a elabora\u00e7\u00e3o do inqu\u00e9rito policial.<\/p>\n\n\n\n<p>O advogado explicou que o incidente come\u00e7ou quando o motorista de um ve\u00edculo Gol parou a motocicleta em que o adolescente e o motociclista estavam. A situa\u00e7\u00e3o evoluiu para uma luta corporal, momento em que o adolescente, que estava na garupa, disparou uma arma de fogo, matando o motorista do Gol.<\/p>\n\n\n\n<p>A arma usada no crime n\u00e3o foi apresentada \u00e0 pol\u00edcia. O advogado informou que seu cliente perdeu a arma durante o deslocamento ap\u00f3s o ocorrido.<\/p>\n\n\n\n<p>O crime gerou grande repercuss\u00e3o na regi\u00e3o e est\u00e1 sendo investigado pela pol\u00edcia, que continua a apurar os detalhes do caso para a conclus\u00e3o do inqu\u00e9rito.<\/p>\n","protected":false},"excerpt":{"rendered":"<p>Na manh\u00e3 desta ter\u00e7a-feira (27\/08), um adolescente de 16 anos e o condutor da motocicleta em que ele estava, de 22 anos, se apresentaram \u00e0 Delegacia de Pol\u00edcia Civil de Caratinga, acompanhados por seu advogado de defesa. O caso envolve um homic\u00eddio ocorrido na noite do \u00faltimo s\u00e1bado (24\/08) na Rua Manoel Rodrigues Santana, localizada [&hellip;]<\/p>\n","protected":false},"author":2,"featured_media":1483,"comment_status":"open","ping_status":"open","sticky":false,"template":"","format":"standard","meta":{"footnotes":""},"categories":[5],"tags":[],"class_list":["post-1482","post","type-post","status-publish","format-standard","has-post-thumbnail","hentry","category-noticias"],"wpmagazine_modules_lite_featured_media_urls":{"thumbnail":["http:\/\/radioclubedeinhapim.com.br\/wp-content\/uploads\/2024\/08\/Copia-de-Inserir-um-subtitulo-2024-08-28T153611.349-1-150x150.jpg",150,150,true],"cvmm-medium":["http:\/\/radioclubedeinhapim.com.br\/wp-content\/uploads\/2024\/08\/Copia-de-Inserir-um-subtitulo-2024-08-28T153611.349-1-300x300.jpg",300,300,true],"cvmm-medium-plus":["http:\/\/radioclubedeinhapim.com.br\/wp-content\/uploads\/2024\/08\/Copia-de-Inserir-um-subtitulo-2024-08-28T153611.349-1-305x207.jpg",305,207,true],"cvmm-portrait":["http:\/\/radioclubedeinhapim.com.br\/wp-content\/uploads\/2024\/08\/Copia-de-Inserir-um-subtitulo-2024-08-28T153611.349-1-400x600.jpg",400,600,true],"cvmm-medium-square":["http:\/\/radioclubedeinhapim.com.br\/wp-content\/uploads\/2024\/08\/Copia-de-Inserir-um-subtitulo-2024-08-28T153611.349-1-600x600.jpg",600,600,true],"cvmm-large":["http:\/\/radioclubedeinhapim.com.br\/wp-content\/uploads\/2024\/08\/Copia-de-Inserir-um-subtitulo-2024-08-28T153611.349-1-1024x1024.jpg",1024,1024,true],"cvmm-small":["http:\/\/radioclubedeinhapim.com.br\/wp-content\/uploads\/2024\/08\/Copia-de-Inserir-um-subtitulo-2024-08-28T153611.349-1-130x95.jpg",130,95,true],"full":["http:\/\/radioclubedeinhapim.com.br\/wp-content\/uploads\/2024\/08\/Copia-de-Inserir-um-subtitulo-2024-08-28T153611.349-1.jpg",1080,1080,false]},"categories_names":{"5":{"name":"Not\u00edcias","link":"http:\/\/radioclubedeinhapim.com.br\/index.php\/category\/noticias\/"}},"tags_names":[],"comments_number":"0","_links":{"self":[{"href":"http:\/\/radioclubedeinhapim.com.br\/index.php\/wp-json\/wp\/v2\/posts\/1482","targetHints":{"allow":["GET"]}}],"collection":[{"href":"http:\/\/radioclubedeinhapim.com.br\/index.php\/wp-json\/wp\/v2\/posts"}],"about":[{"href":"http:\/\/radioclubedeinhapim.com.br\/index.php\/wp-json\/wp\/v2\/types\/post"}],"author":[{"embeddable":true,"href":"http:\/\/radioclubedeinhapim.com.br\/index.php\/wp-json\/wp\/v2\/users\/2"}],"replies":[{"embeddable":true,"href":"http:\/\/radioclubedeinhapim.com.br\/index.php\/wp-json\/wp\/v2\/comments?post=1482"}],"version-history":[{"count":1,"href":"http:\/\/radioclubedeinhapim.com.br\/index.php\/wp-json\/wp\/v2\/posts\/1482\/revisions"}],"predecessor-version":[{"id":1484,"href":"http:\/\/radioclubedeinhapim.com.br\/index.php\/wp-json\/wp\/v2\/posts\/1482\/revisions\/1484"}],"wp:featuredmedia":[{"embeddable":true,"href":"http:\/\/radioclubedeinhapim.com.br\/index.php\/wp-json\/wp\/v2\/media\/1483"}],"wp:attachment":[{"href":"http:\/\/radioclubedeinhapim.com.br\/index.php\/wp-json\/wp\/v2\/media?parent=1482"}],"wp:term":[{"taxonomy":"category","embeddable":true,"href":"http:\/\/radioclubedeinhapim.com.br\/index.php\/wp-json\/wp\/v2\/categories?post=1482"},{"taxonomy":"post_tag","embeddable":true,"href":"http:\/\/radioclubedeinhapim.com.br\/index.php\/wp-json\/wp\/v2\/tags?post=1482"}],"curies":[{"name":"wp","href":"https:\/\/api.w.org\/{rel}","templated":true}]}}