{"id":1877,"date":"2024-09-20T12:02:38","date_gmt":"2024-09-20T15:02:38","guid":{"rendered":"https:\/\/radioclubedeinhapim.com.br\/?p=1877"},"modified":"2024-09-20T12:02:38","modified_gmt":"2024-09-20T15:02:38","slug":"mae-acusada-de-matar-filha-de-1-ano-a-facadas-em-joao-pessoa-e-condenada-a-30-anos-de-prisao","status":"publish","type":"post","link":"http:\/\/radioclubedeinhapim.com.br\/index.php\/2024\/09\/20\/mae-acusada-de-matar-filha-de-1-ano-a-facadas-em-joao-pessoa-e-condenada-a-30-anos-de-prisao\/","title":{"rendered":"M\u00e3e acusada de matar filha de 1 ano a facadas em Jo\u00e3o Pessoa \u00e9 condenada a 30 anos de pris\u00e3o"},"content":{"rendered":"\n<p>Eliane Nunes da Silva, acusada de matar a pr\u00f3pria filha, em outubro de 2023, foi condenada a 30 anos de pris\u00e3o nesta ter\u00e7a-feira (11). O julgamento aconteceu no 1\u00ba Tribunal do J\u00fari da Capital, em Jo\u00e3o Pessoa. J\u00falia tinha 1 ano e foi morta com mais de 20 facadas quando estava no ber\u00e7o. Eliane foi condenada por homic\u00eddio triplamente qualificado.<\/p>\n\n\n\n<p>De acordo com a den\u00fancia apresentada pelo <a><\/a>Minist\u00e9rio P\u00fablico da Para\u00edba, a mulher esfaqueou a pequena J\u00falia 26 vezes e cometeu o crime ap\u00f3s o ent\u00e3o companheiro, e pai da crian\u00e7a, decidir terminar a rela\u00e7\u00e3o com ela. Ainda com manchas de sangue nos bra\u00e7os, Eliane apresentou-se \u00e0 autoridade policial, e confessou o crime.<\/p>\n\n\n\n<p>De acordo com a senten\u00e7a, proferida pela ju\u00edza Aylzia Fabiana Borges Carrilho, foram acatadas as tr\u00eas qualificadoras do homic\u00eddio imputado para a r\u00e9. As qualificadoras foram motivo torpe, meio cruel e impossibilidade de defesa da v\u00edtima. A defesa pode recorrer da decis\u00e3o, mas vai permanecer presa.<\/p>\n\n\n\n<p>A r\u00e9 Eliane Nunes da Silva quando foi ouvida disse a todo instante que desde o fato tenta entender por que fez aquilo e que estaria arrependida do fundo do cora\u00e7\u00e3o, que queria muito voltar atr\u00e1s para que a filha estivesse novamente nos bra\u00e7os dela. Ela disse que cometeu o crime em um ato de desespero, negando que tenha agido por vingan\u00e7a contra o pai da crian\u00e7a.<\/p>\n\n\n\n<p>Segundo ela, o ent\u00e3o marido, pai da crian\u00e7a, \u00e9 que seria ciumento, e, inclusive, sempre acontecia deles romperem, desde a \u00e9poca do namoro. O rompimento, segundo ela, era geralmente por meio de mensagem de texto enviada por ele.<\/p>\n\n\n\n<p>O julgamento<\/p>\n\n\n\n<p>Antes de Eliane, foram ouvidos o pai da crian\u00e7a, o policial civil que identificou o corpo da crian\u00e7a dentro do ber\u00e7o, todo ensanguentado, e o pai de Eliane.<\/p>\n\n\n\n<p>O j\u00fari teve in\u00edcio com a ju\u00edza fazendo uma s\u00e9rie de questionamentos ao pai da v\u00edtima , que est\u00e1 participando do julgamento por meio remoto, pois hoje mora no interior de S\u00e3o Paulo. Felipe Cavalcante disse que o relacionamento deles era bastante tumultuado e havia muita crise de ci\u00fames por parte dela, mas que ela era uma boa m\u00e3e.<\/p>\n\n\n\n<p>G1<\/p>\n","protected":false},"excerpt":{"rendered":"<p>Eliane Nunes da Silva, acusada de matar a pr\u00f3pria filha, em outubro de 2023, foi condenada a 30 anos de pris\u00e3o nesta ter\u00e7a-feira (11). O julgamento aconteceu no 1\u00ba Tribunal do J\u00fari da Capital, em Jo\u00e3o Pessoa. J\u00falia tinha 1 ano e foi morta com mais de 20 facadas quando estava no ber\u00e7o. Eliane foi [&hellip;]<\/p>\n","protected":false},"author":2,"featured_media":1883,"comment_status":"open","ping_status":"open","sticky":false,"template":"","format":"standard","meta":{"footnotes":""},"categories":[5],"tags":[],"class_list":["post-1877","post","type-post","status-publish","format-standard","has-post-thumbnail","hentry","category-noticias"],"wpmagazine_modules_lite_featured_media_urls":{"thumbnail":["http:\/\/radioclubedeinhapim.com.br\/wp-content\/uploads\/2024\/09\/Copia-de-Inserir-um-subtitulo-2024-09-20T110653.080-150x150.jpg",150,150,true],"cvmm-medium":["http:\/\/radioclubedeinhapim.com.br\/wp-content\/uploads\/2024\/09\/Copia-de-Inserir-um-subtitulo-2024-09-20T110653.080-300x300.jpg",300,300,true],"cvmm-medium-plus":["http:\/\/radioclubedeinhapim.com.br\/wp-content\/uploads\/2024\/09\/Copia-de-Inserir-um-subtitulo-2024-09-20T110653.080-305x207.jpg",305,207,true],"cvmm-portrait":["http:\/\/radioclubedeinhapim.com.br\/wp-content\/uploads\/2024\/09\/Copia-de-Inserir-um-subtitulo-2024-09-20T110653.080-400x600.jpg",400,600,true],"cvmm-medium-square":["http:\/\/radioclubedeinhapim.com.br\/wp-content\/uploads\/2024\/09\/Copia-de-Inserir-um-subtitulo-2024-09-20T110653.080-600x600.jpg",600,600,true],"cvmm-large":["http:\/\/radioclubedeinhapim.com.br\/wp-content\/uploads\/2024\/09\/Copia-de-Inserir-um-subtitulo-2024-09-20T110653.080-1024x1024.jpg",1024,1024,true],"cvmm-small":["http:\/\/radioclubedeinhapim.com.br\/wp-content\/uploads\/2024\/09\/Copia-de-Inserir-um-subtitulo-2024-09-20T110653.080-130x95.jpg",130,95,true],"full":["http:\/\/radioclubedeinhapim.com.br\/wp-content\/uploads\/2024\/09\/Copia-de-Inserir-um-subtitulo-2024-09-20T110653.080.jpg",1080,1080,false]},"categories_names":{"5":{"name":"Not\u00edcias","link":"http:\/\/radioclubedeinhapim.com.br\/index.php\/category\/noticias\/"}},"tags_names":[],"comments_number":"0","_links":{"self":[{"href":"http:\/\/radioclubedeinhapim.com.br\/index.php\/wp-json\/wp\/v2\/posts\/1877","targetHints":{"allow":["GET"]}}],"collection":[{"href":"http:\/\/radioclubedeinhapim.com.br\/index.php\/wp-json\/wp\/v2\/posts"}],"about":[{"href":"http:\/\/radioclubedeinhapim.com.br\/index.php\/wp-json\/wp\/v2\/types\/post"}],"author":[{"embeddable":true,"href":"http:\/\/radioclubedeinhapim.com.br\/index.php\/wp-json\/wp\/v2\/users\/2"}],"replies":[{"embeddable":true,"href":"http:\/\/radioclubedeinhapim.com.br\/index.php\/wp-json\/wp\/v2\/comments?post=1877"}],"version-history":[{"count":1,"href":"http:\/\/radioclubedeinhapim.com.br\/index.php\/wp-json\/wp\/v2\/posts\/1877\/revisions"}],"predecessor-version":[{"id":1884,"href":"http:\/\/radioclubedeinhapim.com.br\/index.php\/wp-json\/wp\/v2\/posts\/1877\/revisions\/1884"}],"wp:featuredmedia":[{"embeddable":true,"href":"http:\/\/radioclubedeinhapim.com.br\/index.php\/wp-json\/wp\/v2\/media\/1883"}],"wp:attachment":[{"href":"http:\/\/radioclubedeinhapim.com.br\/index.php\/wp-json\/wp\/v2\/media?parent=1877"}],"wp:term":[{"taxonomy":"category","embeddable":true,"href":"http:\/\/radioclubedeinhapim.com.br\/index.php\/wp-json\/wp\/v2\/categories?post=1877"},{"taxonomy":"post_tag","embeddable":true,"href":"http:\/\/radioclubedeinhapim.com.br\/index.php\/wp-json\/wp\/v2\/tags?post=1877"}],"curies":[{"name":"wp","href":"https:\/\/api.w.org\/{rel}","templated":true}]}}