{"id":1935,"date":"2024-09-24T10:50:30","date_gmt":"2024-09-24T13:50:30","guid":{"rendered":"https:\/\/radioclubedeinhapim.com.br\/?p=1935"},"modified":"2024-09-24T10:50:30","modified_gmt":"2024-09-24T13:50:30","slug":"jornalista-da-tv-globo-sandra-annenberg-e-vitima-de-golpe-estelionato-e-crime-diz-ela","status":"publish","type":"post","link":"http:\/\/radioclubedeinhapim.com.br\/index.php\/2024\/09\/24\/jornalista-da-tv-globo-sandra-annenberg-e-vitima-de-golpe-estelionato-e-crime-diz-ela\/","title":{"rendered":"Jornalista da TV Globo, Sandra Annenberg \u00e9 v\u00edtima de golpe: \u201cestelionato \u00e9 crime\u201d, diz ela"},"content":{"rendered":"\n<p>A apresentadora e jornalista Sandra Annenberg, de 56 anos, apareceu em suas redes sociais nesta ter\u00e7a-feira (24) alegando sofrer um golpe. Ela desabafou e disse ser v\u00edtima de uso de imagem adulterada e deixou um recado para seus seguidores. A jornalista contou que um grupo de golpistas est\u00e1 usando uma foto dela adulterada por intelig\u00eancia artificial para enganar pessoas e conseguir dinheiro.<\/p>\n\n\n\n<p>De acordo com a apresentadora do \u201cGlobo Rep\u00f3rter\u201d, sua voz e o texto foram alterados. Ela come\u00e7ou dizendo, \u201cEstou sendo v\u00edtima de uso indevido da minha imagem nas redes sociais. Adulteraram um post que fiz para o \u2018Globo Rep\u00f3rter\u2019 e, com mau uso da intelig\u00eancia artificial, colocaram outro texto com uma voz que lembra muito a minha\u201d.<\/p>\n\n\n\n<p>A jornalista falou ainda sobre credibilidade e de como se sente. \u201cEst\u00e3o usando a minha credibilidade, constru\u00edda ao longo de mais de tr\u00eas d\u00e9cadas de telejornalismo, para aplicar golpes. Estou me sentindo ultrajada\u201d.<\/p>\n\n\n\n<p>Sandra Annenberg desabafou, tamb\u00e9m, sobre as pessoas que ca\u00edram no golpe: \u201cO pior de tudo \u00e9 que tem gente caindo nessa fraude, isso \u00e9 muito grave, muito triste. Gente que, por acreditar em mim, acha que est\u00e1 vendo algo verdadeiro e cai em uma propaganda enganosa. Isso \u00e9 estelionato, \u00e9 crime, e eu e a Globo vamos entrar com todas as medidas cab\u00edveis\u201d, continuou Annenberg.<\/p>\n\n\n\n<p>A \u00e2ncora do Globo Rep\u00f3rter tamb\u00e9m se solidarizou com as v\u00edtimas dos golpistas. \u201cN\u00f3s somos v\u00edtimas do mesmo golpe. E quem est\u00e1 fazendo isso saiba que n\u00f3s vamos conseguir descobrir [quem foi]\u201d, concluiu a apresentadora.<\/p>\n\n\n\n<p>Como jornalista na emissora, sua estreia foi como Garota do Tempo, em 1991, no telejornal \u201cS\u00e3o Paulo J\u00e1&#8221;. No m\u00eas seguinte, virou a primeira mulher a ter um quadro fixo no \u201cJornal Nacional\u201d ao apresentar a previs\u00e3o do tempo. Sandra estreou na TV como garota propaganda de comerciais aos 7 anos. Com apenas 14 anos, em 1982, ela virou rep\u00f3rter do programa da TV Gazeta \u201cCrig-R\u00e1&#8221; No ano seguinte, aos 15 anos, estreou como apresentadora do programa \u201cShow do Esporte\u201d com Luciano do Valle e Juarez Soares. Comandou o \u201cTV Crian\u00e7a\u201d na Rede Bandeirantes em 84.<\/p>\n","protected":false},"excerpt":{"rendered":"<p>A apresentadora e jornalista Sandra Annenberg, de 56 anos, apareceu em suas redes sociais nesta ter\u00e7a-feira (24) alegando sofrer um golpe. Ela desabafou e disse ser v\u00edtima de uso de imagem adulterada e deixou um recado para seus seguidores. A jornalista contou que um grupo de golpistas est\u00e1 usando uma foto dela adulterada por intelig\u00eancia [&hellip;]<\/p>\n","protected":false},"author":2,"featured_media":1936,"comment_status":"open","ping_status":"open","sticky":false,"template":"","format":"standard","meta":{"footnotes":""},"categories":[5],"tags":[],"class_list":["post-1935","post","type-post","status-publish","format-standard","has-post-thumbnail","hentry","category-noticias"],"wpmagazine_modules_lite_featured_media_urls":{"thumbnail":["http:\/\/radioclubedeinhapim.com.br\/wp-content\/uploads\/2024\/09\/Copia-de-Inserir-um-subtitulo-2024-09-24T105040.569-150x150.jpg",150,150,true],"cvmm-medium":["http:\/\/radioclubedeinhapim.com.br\/wp-content\/uploads\/2024\/09\/Copia-de-Inserir-um-subtitulo-2024-09-24T105040.569-300x300.jpg",300,300,true],"cvmm-medium-plus":["http:\/\/radioclubedeinhapim.com.br\/wp-content\/uploads\/2024\/09\/Copia-de-Inserir-um-subtitulo-2024-09-24T105040.569-305x207.jpg",305,207,true],"cvmm-portrait":["http:\/\/radioclubedeinhapim.com.br\/wp-content\/uploads\/2024\/09\/Copia-de-Inserir-um-subtitulo-2024-09-24T105040.569-400x600.jpg",400,600,true],"cvmm-medium-square":["http:\/\/radioclubedeinhapim.com.br\/wp-content\/uploads\/2024\/09\/Copia-de-Inserir-um-subtitulo-2024-09-24T105040.569-600x600.jpg",600,600,true],"cvmm-large":["http:\/\/radioclubedeinhapim.com.br\/wp-content\/uploads\/2024\/09\/Copia-de-Inserir-um-subtitulo-2024-09-24T105040.569-1024x1024.jpg",1024,1024,true],"cvmm-small":["http:\/\/radioclubedeinhapim.com.br\/wp-content\/uploads\/2024\/09\/Copia-de-Inserir-um-subtitulo-2024-09-24T105040.569-130x95.jpg",130,95,true],"full":["http:\/\/radioclubedeinhapim.com.br\/wp-content\/uploads\/2024\/09\/Copia-de-Inserir-um-subtitulo-2024-09-24T105040.569.jpg",1080,1080,false]},"categories_names":{"5":{"name":"Not\u00edcias","link":"http:\/\/radioclubedeinhapim.com.br\/index.php\/category\/noticias\/"}},"tags_names":[],"comments_number":"0","_links":{"self":[{"href":"http:\/\/radioclubedeinhapim.com.br\/index.php\/wp-json\/wp\/v2\/posts\/1935","targetHints":{"allow":["GET"]}}],"collection":[{"href":"http:\/\/radioclubedeinhapim.com.br\/index.php\/wp-json\/wp\/v2\/posts"}],"about":[{"href":"http:\/\/radioclubedeinhapim.com.br\/index.php\/wp-json\/wp\/v2\/types\/post"}],"author":[{"embeddable":true,"href":"http:\/\/radioclubedeinhapim.com.br\/index.php\/wp-json\/wp\/v2\/users\/2"}],"replies":[{"embeddable":true,"href":"http:\/\/radioclubedeinhapim.com.br\/index.php\/wp-json\/wp\/v2\/comments?post=1935"}],"version-history":[{"count":1,"href":"http:\/\/radioclubedeinhapim.com.br\/index.php\/wp-json\/wp\/v2\/posts\/1935\/revisions"}],"predecessor-version":[{"id":1937,"href":"http:\/\/radioclubedeinhapim.com.br\/index.php\/wp-json\/wp\/v2\/posts\/1935\/revisions\/1937"}],"wp:featuredmedia":[{"embeddable":true,"href":"http:\/\/radioclubedeinhapim.com.br\/index.php\/wp-json\/wp\/v2\/media\/1936"}],"wp:attachment":[{"href":"http:\/\/radioclubedeinhapim.com.br\/index.php\/wp-json\/wp\/v2\/media?parent=1935"}],"wp:term":[{"taxonomy":"category","embeddable":true,"href":"http:\/\/radioclubedeinhapim.com.br\/index.php\/wp-json\/wp\/v2\/categories?post=1935"},{"taxonomy":"post_tag","embeddable":true,"href":"http:\/\/radioclubedeinhapim.com.br\/index.php\/wp-json\/wp\/v2\/tags?post=1935"}],"curies":[{"name":"wp","href":"https:\/\/api.w.org\/{rel}","templated":true}]}}