{"id":2080,"date":"2024-10-02T11:38:25","date_gmt":"2024-10-02T14:38:25","guid":{"rendered":"https:\/\/radioclubedeinhapim.com.br\/?p=2080"},"modified":"2024-10-02T11:38:25","modified_gmt":"2024-10-02T14:38:25","slug":"foragido-da-justica-de-inhapim-e-preso-em-buenos-aires-na-argentina","status":"publish","type":"post","link":"http:\/\/radioclubedeinhapim.com.br\/index.php\/2024\/10\/02\/foragido-da-justica-de-inhapim-e-preso-em-buenos-aires-na-argentina\/","title":{"rendered":"Foragido da justi\u00e7a de Inhapim \u00e9 preso em Buenos Aires na Argentina"},"content":{"rendered":"\n<p>O Minist\u00e9rio P\u00fablico de Minas Gerais (2\u00aa Promotoria de Justi\u00e7a de Inhapim \u2013 Promotor de Justi\u00e7a Jonas Junio Linhares Costa Monteiro) comunica a pris\u00e3o, em 29\/09\/2024, em Buenos Aires, Argentina, de Federico Sebastian Lopes.<\/p>\n\n\n\n<p>O homem \u00e9 cidad\u00e3o brasileiro e foragido da Justi\u00e7a de Inhapim, condenado a 4 (quatro) anos e 2 (dois) meses de reclus\u00e3o pelo crime de tr\u00e1fico de drogas (artigo 33 da Lei 11.343\/2006), em decorr\u00eancia de Difus\u00e3o Vermelha decretada pela Ju\u00edza da Execu\u00e7\u00e3o <a><\/a>Penal de Inhapim a requerimento do MPMG.<\/p>\n\n\n\n<p>O MPMG j\u00e1 apresentou o pedido de extradi\u00e7\u00e3o para que o r\u00e9u seja trazido de volta ao Brasil e cumpra a pena imposta pela Justi\u00e7a brasileira.<\/p>\n\n\n\n<p>Para o Promotor de Justi\u00e7a Jonas Junio Linhares Costa Monteiro, essa pris\u00e3o simboliza uma importante vit\u00f3ria no combate \u00e0 impunidade e \u00e0 repress\u00e3o das organiza\u00e7\u00f5es criminosas envolvidas no tr\u00e1fico, evidenciando a capacidade das autoridades brasileiras de cooperar com institui\u00e7\u00f5es de outros pa\u00edses para garantir a aplica\u00e7\u00e3o da Justi\u00e7a.<\/p>\n\n\n\n<p>MPMG<\/p>\n","protected":false},"excerpt":{"rendered":"<p>O Minist\u00e9rio P\u00fablico de Minas Gerais (2\u00aa Promotoria de Justi\u00e7a de Inhapim \u2013 Promotor de Justi\u00e7a Jonas Junio Linhares Costa Monteiro) comunica a pris\u00e3o, em 29\/09\/2024, em Buenos Aires, Argentina, de Federico Sebastian Lopes. O homem \u00e9 cidad\u00e3o brasileiro e foragido da Justi\u00e7a de Inhapim, condenado a 4 (quatro) anos e 2 (dois) meses de [&hellip;]<\/p>\n","protected":false},"author":2,"featured_media":2071,"comment_status":"open","ping_status":"open","sticky":false,"template":"","format":"standard","meta":{"footnotes":""},"categories":[5],"tags":[],"class_list":["post-2080","post","type-post","status-publish","format-standard","has-post-thumbnail","hentry","category-noticias"],"wpmagazine_modules_lite_featured_media_urls":{"thumbnail":["http:\/\/radioclubedeinhapim.com.br\/wp-content\/uploads\/2024\/10\/Copia-de-Inserir-um-subtitulo-2024-10-02T104126.164-150x150.jpg",150,150,true],"cvmm-medium":["http:\/\/radioclubedeinhapim.com.br\/wp-content\/uploads\/2024\/10\/Copia-de-Inserir-um-subtitulo-2024-10-02T104126.164-300x300.jpg",300,300,true],"cvmm-medium-plus":["http:\/\/radioclubedeinhapim.com.br\/wp-content\/uploads\/2024\/10\/Copia-de-Inserir-um-subtitulo-2024-10-02T104126.164-305x207.jpg",305,207,true],"cvmm-portrait":["http:\/\/radioclubedeinhapim.com.br\/wp-content\/uploads\/2024\/10\/Copia-de-Inserir-um-subtitulo-2024-10-02T104126.164-400x600.jpg",400,600,true],"cvmm-medium-square":["http:\/\/radioclubedeinhapim.com.br\/wp-content\/uploads\/2024\/10\/Copia-de-Inserir-um-subtitulo-2024-10-02T104126.164-600x600.jpg",600,600,true],"cvmm-large":["http:\/\/radioclubedeinhapim.com.br\/wp-content\/uploads\/2024\/10\/Copia-de-Inserir-um-subtitulo-2024-10-02T104126.164-1024x1024.jpg",1024,1024,true],"cvmm-small":["http:\/\/radioclubedeinhapim.com.br\/wp-content\/uploads\/2024\/10\/Copia-de-Inserir-um-subtitulo-2024-10-02T104126.164-130x95.jpg",130,95,true],"full":["http:\/\/radioclubedeinhapim.com.br\/wp-content\/uploads\/2024\/10\/Copia-de-Inserir-um-subtitulo-2024-10-02T104126.164.jpg",1080,1080,false]},"categories_names":{"5":{"name":"Not\u00edcias","link":"http:\/\/radioclubedeinhapim.com.br\/index.php\/category\/noticias\/"}},"tags_names":[],"comments_number":"0","_links":{"self":[{"href":"http:\/\/radioclubedeinhapim.com.br\/index.php\/wp-json\/wp\/v2\/posts\/2080","targetHints":{"allow":["GET"]}}],"collection":[{"href":"http:\/\/radioclubedeinhapim.com.br\/index.php\/wp-json\/wp\/v2\/posts"}],"about":[{"href":"http:\/\/radioclubedeinhapim.com.br\/index.php\/wp-json\/wp\/v2\/types\/post"}],"author":[{"embeddable":true,"href":"http:\/\/radioclubedeinhapim.com.br\/index.php\/wp-json\/wp\/v2\/users\/2"}],"replies":[{"embeddable":true,"href":"http:\/\/radioclubedeinhapim.com.br\/index.php\/wp-json\/wp\/v2\/comments?post=2080"}],"version-history":[{"count":1,"href":"http:\/\/radioclubedeinhapim.com.br\/index.php\/wp-json\/wp\/v2\/posts\/2080\/revisions"}],"predecessor-version":[{"id":2081,"href":"http:\/\/radioclubedeinhapim.com.br\/index.php\/wp-json\/wp\/v2\/posts\/2080\/revisions\/2081"}],"wp:featuredmedia":[{"embeddable":true,"href":"http:\/\/radioclubedeinhapim.com.br\/index.php\/wp-json\/wp\/v2\/media\/2071"}],"wp:attachment":[{"href":"http:\/\/radioclubedeinhapim.com.br\/index.php\/wp-json\/wp\/v2\/media?parent=2080"}],"wp:term":[{"taxonomy":"category","embeddable":true,"href":"http:\/\/radioclubedeinhapim.com.br\/index.php\/wp-json\/wp\/v2\/categories?post=2080"},{"taxonomy":"post_tag","embeddable":true,"href":"http:\/\/radioclubedeinhapim.com.br\/index.php\/wp-json\/wp\/v2\/tags?post=2080"}],"curies":[{"name":"wp","href":"https:\/\/api.w.org\/{rel}","templated":true}]}}