{"id":2101,"date":"2024-10-03T16:44:59","date_gmt":"2024-10-03T19:44:59","guid":{"rendered":"https:\/\/radioclubedeinhapim.com.br\/?p=2101"},"modified":"2024-10-03T16:44:59","modified_gmt":"2024-10-03T19:44:59","slug":"minas-gerais-nao-tera-lei-seca-durante-eleicoes-municipais-desse-ano","status":"publish","type":"post","link":"http:\/\/radioclubedeinhapim.com.br\/index.php\/2024\/10\/03\/minas-gerais-nao-tera-lei-seca-durante-eleicoes-municipais-desse-ano\/","title":{"rendered":"Minas Gerais n\u00e3o ter\u00e1 Lei Seca durante elei\u00e7\u00f5es municipais desse ano"},"content":{"rendered":"\n<p>Entre os estados que confirmaram que n\u00e3o haver\u00e1 Lei Seca durante as elei\u00e7\u00f5es, est\u00e3o Minas Gerais, o Rio Grande do Sul, Rio de Janeiro e Santa Catarina. No caso do Paran\u00e1 e de Pernambuco, os TREs informaram que a decis\u00e3o caberia \u00e0s secretarias de Seguran\u00e7a, mas que n\u00e3o haviam recebido qualquer notifica\u00e7\u00e3o at\u00e9 essa quarta-feira (2).<\/p>\n\n\n\n<p>Pelo menos nove estados brasileiros proibir\u00e3o a venda de bebidas alco\u00f3licas no dia das elei\u00e7\u00f5es municipais, marcadas para o pr\u00f3ximo domingo (6). Em seis deles, a medida valer\u00e1 em todo o estado: Acre, Amap\u00e1, Par\u00e1, Piau\u00ed, Maranh\u00e3o e Alagoas.<\/p>\n\n\n\n<p>Em outros tr\u00eas, a medida ser\u00e1 restrita a zonas eleitorais espec\u00edficas. No Tocantins, ser\u00e3o quatro zonas, enquanto em Mato Grosso ser\u00e3o tr\u00eas, segundo informa\u00e7\u00f5es dos tribunais regionais eleitorais (TREs). Em Goi\u00e1s, o TRE n\u00e3o informou sobre as zonas que ter\u00e3o a chamada Lei Seca, mas pelo menos uma delas anunciou que adotar\u00e1 a proibi\u00e7\u00e3o.<\/p>\n\n\n\n<p>A proibi\u00e7\u00e3o da venda de bebidas alco\u00f3licas durante as elei\u00e7\u00f5es \u00e9 decidida localmente pelas autoridades de seguran\u00e7a p\u00fablica e eleitorais. A ideia \u00e9 reduzir os riscos de desordem que prejudiquem o processo eleitoral. Em alguns estados, a decis\u00e3o coube \u00e0s secretarias de Seguran\u00e7a, como foi o caso dos estados do Piau\u00ed, Maranh\u00e3o e de Alagoas.<\/p>\n\n\n\n<p>No Acre, a decis\u00e3o coube aos ju\u00edzes eleitorais de primeira inst\u00e2ncia. Os respons\u00e1veis pelas nove zonas eleitorais do estado expediram portarias decretando a Lei Seca em suas respectivas \u00e1reas. Nos estados de Mato Grosso, do Tocantins e de Goi\u00e1s, a defini\u00e7\u00e3o tamb\u00e9m ficou por conta dos magistrados de cada zona.<\/p>\n\n\n\n<p>J\u00e1 no Par\u00e1, as regras da Lei Seca ser\u00e3o definidas em comum acordo entre os ju\u00edzes eleitorais e a Pol\u00edcia Civil dos munic\u00edpios.<\/p>\n\n\n\n<p>O TRE do Amap\u00e1 informou em nota, na noite de ter\u00e7a-feira (1\u00ba), que os ju\u00edzes cumprir\u00e3o rigorosamente a Portaria da Lei Seca, \u201cgarantindo a ordem e a seguran\u00e7a nos dias que antecedem e no pr\u00f3prio dia das elei\u00e7\u00f5es\u201d, sem indicar quem seria o respons\u00e1vel pela decis\u00e3o.<\/p>\n\n\n\n<p class=\"has-small-font-size\">Ag\u00eancia Brasil<\/p>\n","protected":false},"excerpt":{"rendered":"<p>Entre os estados que confirmaram que n\u00e3o haver\u00e1 Lei Seca durante as elei\u00e7\u00f5es, est\u00e3o Minas Gerais, o Rio Grande do Sul, Rio de Janeiro e Santa Catarina. No caso do Paran\u00e1 e de Pernambuco, os TREs informaram que a decis\u00e3o caberia \u00e0s secretarias de Seguran\u00e7a, mas que n\u00e3o haviam recebido qualquer notifica\u00e7\u00e3o at\u00e9 essa quarta-feira [&hellip;]<\/p>\n","protected":false},"author":2,"featured_media":2102,"comment_status":"open","ping_status":"open","sticky":false,"template":"","format":"standard","meta":{"footnotes":""},"categories":[5],"tags":[],"class_list":["post-2101","post","type-post","status-publish","format-standard","has-post-thumbnail","hentry","category-noticias"],"wpmagazine_modules_lite_featured_media_urls":{"thumbnail":["http:\/\/radioclubedeinhapim.com.br\/wp-content\/uploads\/2024\/10\/Copia-de-Inserir-um-subtitulo-150x150.jpg",150,150,true],"cvmm-medium":["http:\/\/radioclubedeinhapim.com.br\/wp-content\/uploads\/2024\/10\/Copia-de-Inserir-um-subtitulo-300x300.jpg",300,300,true],"cvmm-medium-plus":["http:\/\/radioclubedeinhapim.com.br\/wp-content\/uploads\/2024\/10\/Copia-de-Inserir-um-subtitulo-305x207.jpg",305,207,true],"cvmm-portrait":["http:\/\/radioclubedeinhapim.com.br\/wp-content\/uploads\/2024\/10\/Copia-de-Inserir-um-subtitulo-400x600.jpg",400,600,true],"cvmm-medium-square":["http:\/\/radioclubedeinhapim.com.br\/wp-content\/uploads\/2024\/10\/Copia-de-Inserir-um-subtitulo-600x600.jpg",600,600,true],"cvmm-large":["http:\/\/radioclubedeinhapim.com.br\/wp-content\/uploads\/2024\/10\/Copia-de-Inserir-um-subtitulo-1024x1024.jpg",1024,1024,true],"cvmm-small":["http:\/\/radioclubedeinhapim.com.br\/wp-content\/uploads\/2024\/10\/Copia-de-Inserir-um-subtitulo-130x95.jpg",130,95,true],"full":["http:\/\/radioclubedeinhapim.com.br\/wp-content\/uploads\/2024\/10\/Copia-de-Inserir-um-subtitulo.jpg",1080,1080,false]},"categories_names":{"5":{"name":"Not\u00edcias","link":"http:\/\/radioclubedeinhapim.com.br\/index.php\/category\/noticias\/"}},"tags_names":[],"comments_number":"0","_links":{"self":[{"href":"http:\/\/radioclubedeinhapim.com.br\/index.php\/wp-json\/wp\/v2\/posts\/2101","targetHints":{"allow":["GET"]}}],"collection":[{"href":"http:\/\/radioclubedeinhapim.com.br\/index.php\/wp-json\/wp\/v2\/posts"}],"about":[{"href":"http:\/\/radioclubedeinhapim.com.br\/index.php\/wp-json\/wp\/v2\/types\/post"}],"author":[{"embeddable":true,"href":"http:\/\/radioclubedeinhapim.com.br\/index.php\/wp-json\/wp\/v2\/users\/2"}],"replies":[{"embeddable":true,"href":"http:\/\/radioclubedeinhapim.com.br\/index.php\/wp-json\/wp\/v2\/comments?post=2101"}],"version-history":[{"count":1,"href":"http:\/\/radioclubedeinhapim.com.br\/index.php\/wp-json\/wp\/v2\/posts\/2101\/revisions"}],"predecessor-version":[{"id":2103,"href":"http:\/\/radioclubedeinhapim.com.br\/index.php\/wp-json\/wp\/v2\/posts\/2101\/revisions\/2103"}],"wp:featuredmedia":[{"embeddable":true,"href":"http:\/\/radioclubedeinhapim.com.br\/index.php\/wp-json\/wp\/v2\/media\/2102"}],"wp:attachment":[{"href":"http:\/\/radioclubedeinhapim.com.br\/index.php\/wp-json\/wp\/v2\/media?parent=2101"}],"wp:term":[{"taxonomy":"category","embeddable":true,"href":"http:\/\/radioclubedeinhapim.com.br\/index.php\/wp-json\/wp\/v2\/categories?post=2101"},{"taxonomy":"post_tag","embeddable":true,"href":"http:\/\/radioclubedeinhapim.com.br\/index.php\/wp-json\/wp\/v2\/tags?post=2101"}],"curies":[{"name":"wp","href":"https:\/\/api.w.org\/{rel}","templated":true}]}}