{"id":2268,"date":"2024-10-12T13:24:04","date_gmt":"2024-10-12T16:24:04","guid":{"rendered":"https:\/\/radioclubedeinhapim.com.br\/?p=2268"},"modified":"2024-10-12T13:24:04","modified_gmt":"2024-10-12T16:24:04","slug":"comunidade-da-santinha-celebra-o-dia-de-nossa-senhora-aparecida-com-novena-e-missas","status":"publish","type":"post","link":"http:\/\/radioclubedeinhapim.com.br\/index.php\/2024\/10\/12\/comunidade-da-santinha-celebra-o-dia-de-nossa-senhora-aparecida-com-novena-e-missas\/","title":{"rendered":"Comunidade da Santinha celebra o Dia de Nossa Senhora Aparecida com Novena e Missas"},"content":{"rendered":"\n<p>A comunidade da Santinha encerra, neste 12 de outubro, a novena em homenagem a Nossa Senhora Aparecida, realizada de 3 a 12 de outubro. A novena, que contou com a participa\u00e7\u00e3o de fi\u00e9is da regi\u00e3o, foi um momento de reflex\u00e3o, ora\u00e7\u00e3o e devo\u00e7\u00e3o \u00e0 padroeira do Brasil.<\/p>\n\n\n\n<p>Na manh\u00e3 de hoje, uma Celebra\u00e7\u00e3o Eucar\u00edstica foi realizada \u00e0s 7 horas, presidida pelo padre Ely da Terra Cristo. A liturgia ficou a <a><\/a>cargo da pr\u00f3pria comunidade da Santinha, que preparou um ambiente acolhedor e espiritual, refor\u00e7ando a import\u00e2ncia da f\u00e9 e da uni\u00e3o entre os participantes. A anima\u00e7\u00e3o da celebra\u00e7\u00e3o foi realizada pela comunidade S\u00e3o Jos\u00e9 do Taquaral, que trouxe m\u00fasica e alegria, tornando o momento ainda mais especial.<\/p>\n\n\n\n<p>\u00c0s 15 horas, outra Celebra\u00e7\u00e3o Eucar\u00edstica est\u00e1 programada, tamb\u00e9m com a presen\u00e7a do padre Ely da Terra Cristo. A liturgia ser\u00e1 conduzida pela Pastoral Lit\u00fargica de Inhapim, enquanto a anima\u00e7\u00e3o ficar\u00e1 a cargo da comunidade Nossa Senhora do Ros\u00e1rio do C\u00f3rrego dos Bentos.<\/p>\n\n\n\n<p>Essas celebra\u00e7\u00f5es refletem a forte devo\u00e7\u00e3o da comunidade a Nossa Senhora Aparecida, simbolizando n\u00e3o apenas a religiosidade, mas tamb\u00e9m a solidariedade e o esp\u00edrito comunit\u00e1rio que caracterizam a festa.<\/p>\n\n\n\n<p>O Dia de Nossa Senhora Aparecida \u00e9 uma ocasi\u00e3o especial para agradecer e renovar a f\u00e9, unindo todos em ora\u00e7\u00e3o e esperan\u00e7a.<\/p>\n","protected":false},"excerpt":{"rendered":"<p>A comunidade da Santinha encerra, neste 12 de outubro, a novena em homenagem a Nossa Senhora Aparecida, realizada de 3 a 12 de outubro. A novena, que contou com a participa\u00e7\u00e3o de fi\u00e9is da regi\u00e3o, foi um momento de reflex\u00e3o, ora\u00e7\u00e3o e devo\u00e7\u00e3o \u00e0 padroeira do Brasil. Na manh\u00e3 de hoje, uma Celebra\u00e7\u00e3o Eucar\u00edstica foi [&hellip;]<\/p>\n","protected":false},"author":2,"featured_media":2269,"comment_status":"open","ping_status":"open","sticky":false,"template":"","format":"standard","meta":{"footnotes":""},"categories":[5],"tags":[],"class_list":["post-2268","post","type-post","status-publish","format-standard","has-post-thumbnail","hentry","category-noticias"],"wpmagazine_modules_lite_featured_media_urls":{"thumbnail":["http:\/\/radioclubedeinhapim.com.br\/wp-content\/uploads\/2024\/10\/23-150x150.jpg",150,150,true],"cvmm-medium":["http:\/\/radioclubedeinhapim.com.br\/wp-content\/uploads\/2024\/10\/23-300x300.jpg",300,300,true],"cvmm-medium-plus":["http:\/\/radioclubedeinhapim.com.br\/wp-content\/uploads\/2024\/10\/23-305x207.jpg",305,207,true],"cvmm-portrait":["http:\/\/radioclubedeinhapim.com.br\/wp-content\/uploads\/2024\/10\/23-400x600.jpg",400,600,true],"cvmm-medium-square":["http:\/\/radioclubedeinhapim.com.br\/wp-content\/uploads\/2024\/10\/23-600x600.jpg",600,600,true],"cvmm-large":["http:\/\/radioclubedeinhapim.com.br\/wp-content\/uploads\/2024\/10\/23-1024x1024.jpg",1024,1024,true],"cvmm-small":["http:\/\/radioclubedeinhapim.com.br\/wp-content\/uploads\/2024\/10\/23-130x95.jpg",130,95,true],"full":["http:\/\/radioclubedeinhapim.com.br\/wp-content\/uploads\/2024\/10\/23.jpg",1080,1080,false]},"categories_names":{"5":{"name":"Not\u00edcias","link":"http:\/\/radioclubedeinhapim.com.br\/index.php\/category\/noticias\/"}},"tags_names":[],"comments_number":"0","_links":{"self":[{"href":"http:\/\/radioclubedeinhapim.com.br\/index.php\/wp-json\/wp\/v2\/posts\/2268","targetHints":{"allow":["GET"]}}],"collection":[{"href":"http:\/\/radioclubedeinhapim.com.br\/index.php\/wp-json\/wp\/v2\/posts"}],"about":[{"href":"http:\/\/radioclubedeinhapim.com.br\/index.php\/wp-json\/wp\/v2\/types\/post"}],"author":[{"embeddable":true,"href":"http:\/\/radioclubedeinhapim.com.br\/index.php\/wp-json\/wp\/v2\/users\/2"}],"replies":[{"embeddable":true,"href":"http:\/\/radioclubedeinhapim.com.br\/index.php\/wp-json\/wp\/v2\/comments?post=2268"}],"version-history":[{"count":1,"href":"http:\/\/radioclubedeinhapim.com.br\/index.php\/wp-json\/wp\/v2\/posts\/2268\/revisions"}],"predecessor-version":[{"id":2270,"href":"http:\/\/radioclubedeinhapim.com.br\/index.php\/wp-json\/wp\/v2\/posts\/2268\/revisions\/2270"}],"wp:featuredmedia":[{"embeddable":true,"href":"http:\/\/radioclubedeinhapim.com.br\/index.php\/wp-json\/wp\/v2\/media\/2269"}],"wp:attachment":[{"href":"http:\/\/radioclubedeinhapim.com.br\/index.php\/wp-json\/wp\/v2\/media?parent=2268"}],"wp:term":[{"taxonomy":"category","embeddable":true,"href":"http:\/\/radioclubedeinhapim.com.br\/index.php\/wp-json\/wp\/v2\/categories?post=2268"},{"taxonomy":"post_tag","embeddable":true,"href":"http:\/\/radioclubedeinhapim.com.br\/index.php\/wp-json\/wp\/v2\/tags?post=2268"}],"curies":[{"name":"wp","href":"https:\/\/api.w.org\/{rel}","templated":true}]}}