{"id":2463,"date":"2024-10-25T11:28:02","date_gmt":"2024-10-25T14:28:02","guid":{"rendered":"https:\/\/radioclubedeinhapim.com.br\/?p=2463"},"modified":"2024-10-25T11:28:02","modified_gmt":"2024-10-25T14:28:02","slug":"policia-militar-recupera-moto-roubada-em-santa-rita-de-minas-apos-denuncia-anonima","status":"publish","type":"post","link":"http:\/\/radioclubedeinhapim.com.br\/index.php\/2024\/10\/25\/policia-militar-recupera-moto-roubada-em-santa-rita-de-minas-apos-denuncia-anonima\/","title":{"rendered":"Pol\u00edcia Militar recupera moto roubada em Santa Rita de Minas ap\u00f3s den\u00fancia an\u00f4nima"},"content":{"rendered":"\n<p>Na manh\u00e3 desta quinta-feira (24), a Pol\u00edcia Militar de Santa Rita de Minas, atrav\u00e9s de uma den\u00fancia an\u00f4nima, recuperou uma motocicleta roubada. O ve\u00edculo, uma Yamaha Lander, estava escondido em uma resid\u00eancia abandonada no c\u00f3rrego do Tabuleiro, na zona rural do munic\u00edpio.<\/p>\n\n\n\n<p>De acordo com a PM, a motocicleta havia sido roubada na cidade de Caratinga no dia 22 de outubro e, ap\u00f3s a den\u00fancia, os policiais se dirigiram ao local, onde encontraram o ve\u00edculo em boas condi\u00e7\u00f5es. A motocicleta foi removida e encaminhada ao p\u00e1tio da empresa Fervel, para os tr\u00e2mites legais.<\/p>\n\n\n\n<p>A Pol\u00edcia Militar continua em busca do autor do crime e refor\u00e7a a import\u00e2ncia da colabora\u00e7\u00e3o da popula\u00e7\u00e3o, que pode ajudar com informa\u00e7\u00f5es atrav\u00e9s dos n\u00fameros 181 ou 190. Den\u00fancias an\u00f4nimas s\u00e3o fundamentais para o sucesso de a\u00e7\u00f5es como essa, que visam combater a criminalidade e recuperar bens roubados.<\/p>\n","protected":false},"excerpt":{"rendered":"<p>Na manh\u00e3 desta quinta-feira (24), a Pol\u00edcia Militar de Santa Rita de Minas, atrav\u00e9s de uma den\u00fancia an\u00f4nima, recuperou uma motocicleta roubada. O ve\u00edculo, uma Yamaha Lander, estava escondido em uma resid\u00eancia abandonada no c\u00f3rrego do Tabuleiro, na zona rural do munic\u00edpio. De acordo com a PM, a motocicleta havia sido roubada na cidade de [&hellip;]<\/p>\n","protected":false},"author":2,"featured_media":2464,"comment_status":"open","ping_status":"open","sticky":false,"template":"","format":"standard","meta":{"footnotes":""},"categories":[5],"tags":[],"class_list":["post-2463","post","type-post","status-publish","format-standard","has-post-thumbnail","hentry","category-noticias"],"wpmagazine_modules_lite_featured_media_urls":{"thumbnail":["http:\/\/radioclubedeinhapim.com.br\/wp-content\/uploads\/2024\/10\/Copia-de-Inserir-um-subtitulo-2024-10-25T112827.020-150x150.jpg",150,150,true],"cvmm-medium":["http:\/\/radioclubedeinhapim.com.br\/wp-content\/uploads\/2024\/10\/Copia-de-Inserir-um-subtitulo-2024-10-25T112827.020-300x300.jpg",300,300,true],"cvmm-medium-plus":["http:\/\/radioclubedeinhapim.com.br\/wp-content\/uploads\/2024\/10\/Copia-de-Inserir-um-subtitulo-2024-10-25T112827.020-305x207.jpg",305,207,true],"cvmm-portrait":["http:\/\/radioclubedeinhapim.com.br\/wp-content\/uploads\/2024\/10\/Copia-de-Inserir-um-subtitulo-2024-10-25T112827.020-400x600.jpg",400,600,true],"cvmm-medium-square":["http:\/\/radioclubedeinhapim.com.br\/wp-content\/uploads\/2024\/10\/Copia-de-Inserir-um-subtitulo-2024-10-25T112827.020-600x600.jpg",600,600,true],"cvmm-large":["http:\/\/radioclubedeinhapim.com.br\/wp-content\/uploads\/2024\/10\/Copia-de-Inserir-um-subtitulo-2024-10-25T112827.020-1024x1024.jpg",1024,1024,true],"cvmm-small":["http:\/\/radioclubedeinhapim.com.br\/wp-content\/uploads\/2024\/10\/Copia-de-Inserir-um-subtitulo-2024-10-25T112827.020-130x95.jpg",130,95,true],"full":["http:\/\/radioclubedeinhapim.com.br\/wp-content\/uploads\/2024\/10\/Copia-de-Inserir-um-subtitulo-2024-10-25T112827.020.jpg",1080,1080,false]},"categories_names":{"5":{"name":"Not\u00edcias","link":"http:\/\/radioclubedeinhapim.com.br\/index.php\/category\/noticias\/"}},"tags_names":[],"comments_number":"0","_links":{"self":[{"href":"http:\/\/radioclubedeinhapim.com.br\/index.php\/wp-json\/wp\/v2\/posts\/2463","targetHints":{"allow":["GET"]}}],"collection":[{"href":"http:\/\/radioclubedeinhapim.com.br\/index.php\/wp-json\/wp\/v2\/posts"}],"about":[{"href":"http:\/\/radioclubedeinhapim.com.br\/index.php\/wp-json\/wp\/v2\/types\/post"}],"author":[{"embeddable":true,"href":"http:\/\/radioclubedeinhapim.com.br\/index.php\/wp-json\/wp\/v2\/users\/2"}],"replies":[{"embeddable":true,"href":"http:\/\/radioclubedeinhapim.com.br\/index.php\/wp-json\/wp\/v2\/comments?post=2463"}],"version-history":[{"count":1,"href":"http:\/\/radioclubedeinhapim.com.br\/index.php\/wp-json\/wp\/v2\/posts\/2463\/revisions"}],"predecessor-version":[{"id":2465,"href":"http:\/\/radioclubedeinhapim.com.br\/index.php\/wp-json\/wp\/v2\/posts\/2463\/revisions\/2465"}],"wp:featuredmedia":[{"embeddable":true,"href":"http:\/\/radioclubedeinhapim.com.br\/index.php\/wp-json\/wp\/v2\/media\/2464"}],"wp:attachment":[{"href":"http:\/\/radioclubedeinhapim.com.br\/index.php\/wp-json\/wp\/v2\/media?parent=2463"}],"wp:term":[{"taxonomy":"category","embeddable":true,"href":"http:\/\/radioclubedeinhapim.com.br\/index.php\/wp-json\/wp\/v2\/categories?post=2463"},{"taxonomy":"post_tag","embeddable":true,"href":"http:\/\/radioclubedeinhapim.com.br\/index.php\/wp-json\/wp\/v2\/tags?post=2463"}],"curies":[{"name":"wp","href":"https:\/\/api.w.org\/{rel}","templated":true}]}}