{"id":2638,"date":"2024-11-05T18:12:31","date_gmt":"2024-11-05T21:12:31","guid":{"rendered":"https:\/\/radioclubedeinhapim.com.br\/?p=2638"},"modified":"2024-11-05T18:12:31","modified_gmt":"2024-11-05T21:12:31","slug":"bolsonaro-depoe-nesta-terca-5-em-processo-que-investiga-ex-chefe-da-prf","status":"publish","type":"post","link":"http:\/\/radioclubedeinhapim.com.br\/index.php\/2024\/11\/05\/bolsonaro-depoe-nesta-terca-5-em-processo-que-investiga-ex-chefe-da-prf\/","title":{"rendered":"Bolsonaro dep\u00f5e nesta ter\u00e7a (5) em processo que investiga ex-chefe da PRF"},"content":{"rendered":"\n<p>O ex-presidente Jair Bolsonaro (PL) presta depoimento na manh\u00e3 desta ter\u00e7a-feira (5) \u00e0 Controladoria-Geral da Uni\u00e3o (CGU) como testemunha no \u00e2mbito do processo que investiga a conduta do ex-diretor-geral da Pol\u00edcia Rodovi\u00e1ria Federal Silvinei Vasques durante as elei\u00e7\u00f5es de 2022. A informa\u00e7\u00e3o \u00e9 da CNN Brasil.<\/p>\n\n\n\n<p>O interrogat\u00f3rio \u00e9 por videoconfer\u00eancia. O nome de Bolsonaro foi indicado pela defesa de Vasques no processo, mas o ex-presidente queria depor por escrito.<\/p>\n\n\n\n<p>No in\u00edcio do m\u00eas, acionada pela defesa do ex-diretor da PRF, a Justi\u00e7a de Santa Catarina determinou que a oitiva fosse de forma oral.<\/p>\n\n\n\n<p>Al\u00e9m de Bolsonaro, Silvinei indicou o ex-ministro da Justi\u00e7a Anderson Torres como testemunha. No caso dele, o depoimento dever\u00e1 ser por escrito. Os dois n\u00e3o podem manter contato, por ordem do Supremo Tribunal Federal (STF).<\/p>\n\n\n\n<p>Outra testemunha indicada foi o atual diretor-geral da PRF, Ant\u00f4nio Fernando Souza Oliveira. A oitiva foi negada pela comiss\u00e3o.<\/p>\n\n\n\n<p>Processo<\/p>\n\n\n\n<p>Silvinei Vasques come\u00e7ou a ser investigado ainda na Corregedoria da PRF. O processo foi avocado pela CGU. Ele \u00e9 alvo por ter pedido abertamente votos em Bolsonaro ao longo da campanha presidencial de 2022, al\u00e9m de ter presenteado o ent\u00e3o ministro da Justi\u00e7a, Anderson Torres, com uma camisa do Flamengo que estampava o n\u00famero 22 \u2013 usado por Bolsonaro nas urnas.<\/p>\n\n\n\n<p>Como chefe da institui\u00e7\u00e3o, ele participou de eventos p\u00fablicos, concedeu entrevistas e fez publica\u00e7\u00f5es em redes sociais a favor de Jair Bolsonaro durante a campanha eleitoral.<\/p>\n","protected":false},"excerpt":{"rendered":"<p>O ex-presidente Jair Bolsonaro (PL) presta depoimento na manh\u00e3 desta ter\u00e7a-feira (5) \u00e0 Controladoria-Geral da Uni\u00e3o (CGU) como testemunha no \u00e2mbito do processo que investiga a conduta do ex-diretor-geral da Pol\u00edcia Rodovi\u00e1ria Federal Silvinei Vasques durante as elei\u00e7\u00f5es de 2022. A informa\u00e7\u00e3o \u00e9 da CNN Brasil. O interrogat\u00f3rio \u00e9 por videoconfer\u00eancia. O nome de Bolsonaro [&hellip;]<\/p>\n","protected":false},"author":2,"featured_media":2639,"comment_status":"open","ping_status":"open","sticky":false,"template":"","format":"standard","meta":{"footnotes":""},"categories":[5],"tags":[],"class_list":["post-2638","post","type-post","status-publish","format-standard","has-post-thumbnail","hentry","category-noticias"],"wpmagazine_modules_lite_featured_media_urls":{"thumbnail":["http:\/\/radioclubedeinhapim.com.br\/wp-content\/uploads\/2024\/11\/3-150x150.jpg",150,150,true],"cvmm-medium":["http:\/\/radioclubedeinhapim.com.br\/wp-content\/uploads\/2024\/11\/3-300x300.jpg",300,300,true],"cvmm-medium-plus":["http:\/\/radioclubedeinhapim.com.br\/wp-content\/uploads\/2024\/11\/3-305x207.jpg",305,207,true],"cvmm-portrait":["http:\/\/radioclubedeinhapim.com.br\/wp-content\/uploads\/2024\/11\/3-400x600.jpg",400,600,true],"cvmm-medium-square":["http:\/\/radioclubedeinhapim.com.br\/wp-content\/uploads\/2024\/11\/3-600x600.jpg",600,600,true],"cvmm-large":["http:\/\/radioclubedeinhapim.com.br\/wp-content\/uploads\/2024\/11\/3-1024x1024.jpg",1024,1024,true],"cvmm-small":["http:\/\/radioclubedeinhapim.com.br\/wp-content\/uploads\/2024\/11\/3-130x95.jpg",130,95,true],"full":["http:\/\/radioclubedeinhapim.com.br\/wp-content\/uploads\/2024\/11\/3.jpg",1080,1080,false]},"categories_names":{"5":{"name":"Not\u00edcias","link":"http:\/\/radioclubedeinhapim.com.br\/index.php\/category\/noticias\/"}},"tags_names":[],"comments_number":"0","_links":{"self":[{"href":"http:\/\/radioclubedeinhapim.com.br\/index.php\/wp-json\/wp\/v2\/posts\/2638","targetHints":{"allow":["GET"]}}],"collection":[{"href":"http:\/\/radioclubedeinhapim.com.br\/index.php\/wp-json\/wp\/v2\/posts"}],"about":[{"href":"http:\/\/radioclubedeinhapim.com.br\/index.php\/wp-json\/wp\/v2\/types\/post"}],"author":[{"embeddable":true,"href":"http:\/\/radioclubedeinhapim.com.br\/index.php\/wp-json\/wp\/v2\/users\/2"}],"replies":[{"embeddable":true,"href":"http:\/\/radioclubedeinhapim.com.br\/index.php\/wp-json\/wp\/v2\/comments?post=2638"}],"version-history":[{"count":1,"href":"http:\/\/radioclubedeinhapim.com.br\/index.php\/wp-json\/wp\/v2\/posts\/2638\/revisions"}],"predecessor-version":[{"id":2640,"href":"http:\/\/radioclubedeinhapim.com.br\/index.php\/wp-json\/wp\/v2\/posts\/2638\/revisions\/2640"}],"wp:featuredmedia":[{"embeddable":true,"href":"http:\/\/radioclubedeinhapim.com.br\/index.php\/wp-json\/wp\/v2\/media\/2639"}],"wp:attachment":[{"href":"http:\/\/radioclubedeinhapim.com.br\/index.php\/wp-json\/wp\/v2\/media?parent=2638"}],"wp:term":[{"taxonomy":"category","embeddable":true,"href":"http:\/\/radioclubedeinhapim.com.br\/index.php\/wp-json\/wp\/v2\/categories?post=2638"},{"taxonomy":"post_tag","embeddable":true,"href":"http:\/\/radioclubedeinhapim.com.br\/index.php\/wp-json\/wp\/v2\/tags?post=2638"}],"curies":[{"name":"wp","href":"https:\/\/api.w.org\/{rel}","templated":true}]}}