{"id":2828,"date":"2024-11-18T13:00:20","date_gmt":"2024-11-18T16:00:20","guid":{"rendered":"https:\/\/radioclubedeinhapim.com.br\/?p=2828"},"modified":"2024-11-18T13:00:20","modified_gmt":"2024-11-18T16:00:20","slug":"entrevista-exclusiva-luisa-militao-inhapinhense-de-25-anos-realiza-o-sonho-de-se-tornar-juiza-federal-do-trf1-conquistando-o-2o-lugar-em-uma-jornada-de-dedicacao-e-superacao","status":"publish","type":"post","link":"http:\/\/radioclubedeinhapim.com.br\/index.php\/2024\/11\/18\/entrevista-exclusiva-luisa-militao-inhapinhense-de-25-anos-realiza-o-sonho-de-se-tornar-juiza-federal-do-trf1-conquistando-o-2o-lugar-em-uma-jornada-de-dedicacao-e-superacao\/","title":{"rendered":"Entrevista Exclusiva: Lu\u00edsa Milit\u00e3o, inhapinhense de 25 anos, realiza o sonho de se tornar ju\u00edza federal do TRF1, conquistando o 2\u00ba lugar em uma jornada de dedica\u00e7\u00e3o e supera\u00e7\u00e3o."},"content":{"rendered":"\n<p>Lu\u00edsa compartilha sua trajet\u00f3ria, desde o est\u00e1gio no tribunal que a apaixonou pela justi\u00e7a federal at\u00e9 os desafios enfrentados no concurso, incluindo momentos de tribula\u00e7\u00e3o e vit\u00f3rias emocionantes.<\/p>\n\n\n\n<p>Uma hist\u00f3ria inspiradora que comprova que, com f\u00e9 e perseveran\u00e7a, \u00e9 poss\u00edvel transformar sonhos em realidade.<\/p>\n\n\n\n<p><a href=\"https:\/\/www.facebook.com\/share\/v\/18GmBK7kP9\/\" data-type=\"link\" data-id=\"https:\/\/www.facebook.com\/share\/v\/18GmBK7kP9\/\">CLIQUE AQUI E ASSISTA A ENTREVISTA COMPLETA <\/a><\/p>\n\n\n\n<p><\/p>\n","protected":false},"excerpt":{"rendered":"<p>Lu\u00edsa compartilha sua trajet\u00f3ria, desde o est\u00e1gio no tribunal que a apaixonou pela justi\u00e7a federal at\u00e9 os desafios enfrentados no concurso, incluindo momentos de tribula\u00e7\u00e3o e vit\u00f3rias emocionantes. Uma hist\u00f3ria inspiradora que comprova que, com f\u00e9 e perseveran\u00e7a, \u00e9 poss\u00edvel transformar sonhos em realidade. CLIQUE AQUI E ASSISTA A ENTREVISTA COMPLETA<\/p>\n","protected":false},"author":2,"featured_media":2829,"comment_status":"open","ping_status":"open","sticky":false,"template":"","format":"standard","meta":{"footnotes":""},"categories":[5],"tags":[],"class_list":["post-2828","post","type-post","status-publish","format-standard","has-post-thumbnail","hentry","category-noticias"],"wpmagazine_modules_lite_featured_media_urls":{"thumbnail":["http:\/\/radioclubedeinhapim.com.br\/wp-content\/uploads\/2024\/11\/Entrevista-com-Sidnei-lopes-da-costa-chefe-da-administracao-fazendaria-de-caratinga-4-150x150.jpg",150,150,true],"cvmm-medium":["http:\/\/radioclubedeinhapim.com.br\/wp-content\/uploads\/2024\/11\/Entrevista-com-Sidnei-lopes-da-costa-chefe-da-administracao-fazendaria-de-caratinga-4-300x300.jpg",300,300,true],"cvmm-medium-plus":["http:\/\/radioclubedeinhapim.com.br\/wp-content\/uploads\/2024\/11\/Entrevista-com-Sidnei-lopes-da-costa-chefe-da-administracao-fazendaria-de-caratinga-4-305x207.jpg",305,207,true],"cvmm-portrait":["http:\/\/radioclubedeinhapim.com.br\/wp-content\/uploads\/2024\/11\/Entrevista-com-Sidnei-lopes-da-costa-chefe-da-administracao-fazendaria-de-caratinga-4-400x600.jpg",400,600,true],"cvmm-medium-square":["http:\/\/radioclubedeinhapim.com.br\/wp-content\/uploads\/2024\/11\/Entrevista-com-Sidnei-lopes-da-costa-chefe-da-administracao-fazendaria-de-caratinga-4-600x600.jpg",600,600,true],"cvmm-large":["http:\/\/radioclubedeinhapim.com.br\/wp-content\/uploads\/2024\/11\/Entrevista-com-Sidnei-lopes-da-costa-chefe-da-administracao-fazendaria-de-caratinga-4-1024x1024.jpg",1024,1024,true],"cvmm-small":["http:\/\/radioclubedeinhapim.com.br\/wp-content\/uploads\/2024\/11\/Entrevista-com-Sidnei-lopes-da-costa-chefe-da-administracao-fazendaria-de-caratinga-4-130x95.jpg",130,95,true],"full":["http:\/\/radioclubedeinhapim.com.br\/wp-content\/uploads\/2024\/11\/Entrevista-com-Sidnei-lopes-da-costa-chefe-da-administracao-fazendaria-de-caratinga-4.jpg",1080,1080,false]},"categories_names":{"5":{"name":"Not\u00edcias","link":"http:\/\/radioclubedeinhapim.com.br\/index.php\/category\/noticias\/"}},"tags_names":[],"comments_number":"0","_links":{"self":[{"href":"http:\/\/radioclubedeinhapim.com.br\/index.php\/wp-json\/wp\/v2\/posts\/2828","targetHints":{"allow":["GET"]}}],"collection":[{"href":"http:\/\/radioclubedeinhapim.com.br\/index.php\/wp-json\/wp\/v2\/posts"}],"about":[{"href":"http:\/\/radioclubedeinhapim.com.br\/index.php\/wp-json\/wp\/v2\/types\/post"}],"author":[{"embeddable":true,"href":"http:\/\/radioclubedeinhapim.com.br\/index.php\/wp-json\/wp\/v2\/users\/2"}],"replies":[{"embeddable":true,"href":"http:\/\/radioclubedeinhapim.com.br\/index.php\/wp-json\/wp\/v2\/comments?post=2828"}],"version-history":[{"count":1,"href":"http:\/\/radioclubedeinhapim.com.br\/index.php\/wp-json\/wp\/v2\/posts\/2828\/revisions"}],"predecessor-version":[{"id":2830,"href":"http:\/\/radioclubedeinhapim.com.br\/index.php\/wp-json\/wp\/v2\/posts\/2828\/revisions\/2830"}],"wp:featuredmedia":[{"embeddable":true,"href":"http:\/\/radioclubedeinhapim.com.br\/index.php\/wp-json\/wp\/v2\/media\/2829"}],"wp:attachment":[{"href":"http:\/\/radioclubedeinhapim.com.br\/index.php\/wp-json\/wp\/v2\/media?parent=2828"}],"wp:term":[{"taxonomy":"category","embeddable":true,"href":"http:\/\/radioclubedeinhapim.com.br\/index.php\/wp-json\/wp\/v2\/categories?post=2828"},{"taxonomy":"post_tag","embeddable":true,"href":"http:\/\/radioclubedeinhapim.com.br\/index.php\/wp-json\/wp\/v2\/tags?post=2828"}],"curies":[{"name":"wp","href":"https:\/\/api.w.org\/{rel}","templated":true}]}}