{"id":2891,"date":"2024-11-21T08:52:04","date_gmt":"2024-11-21T11:52:04","guid":{"rendered":"https:\/\/radioclubedeinhapim.com.br\/?p=2891"},"modified":"2024-11-21T08:52:04","modified_gmt":"2024-11-21T11:52:04","slug":"papa-institui-pontificio-comite-para-jornada-mundial-das-criancas","status":"publish","type":"post","link":"http:\/\/radioclubedeinhapim.com.br\/index.php\/2024\/11\/21\/papa-institui-pontificio-comite-para-jornada-mundial-das-criancas\/","title":{"rendered":"Papa institui Pontif\u00edcio Comit\u00ea para Jornada Mundial das Crian\u00e7as"},"content":{"rendered":"\n<p>O Papa Francisco anunciou, nesta quarta-feira (20), a cria\u00e7\u00e3o do Pontif\u00edcio Comit\u00ea para a Jornada Mundial das Crian\u00e7as (JMC). O novo \u00f3rg\u00e3o, subordinado diretamente ao Pont\u00edfice, ser\u00e1 respons\u00e1vel pela anima\u00e7\u00e3o e organiza\u00e7\u00e3o pastoral do evento, refor\u00e7ando a prote\u00e7\u00e3o e os direitos das crian\u00e7as na Igreja e na sociedade.<\/p>\n\n\n\n<p>A Jornada Mundial das Crian\u00e7as foi idealizada pelo Papa em dezembro de 2023 e teve sua primeira edi\u00e7\u00e3o realizada nos dias 25 e 26 de maio deste ano, no Est\u00e1dio Ol\u00edmpico de Roma. O padre Enzo Fortunato, que j\u00e1 coordenava o evento, foi nomeado presidente do Comit\u00ea.<\/p>\n\n\n\n<p>No quir\u00f3grafo oficial, o Papa destacou que as crian\u00e7as s\u00e3o sujeitos de direitos inalien\u00e1veis e universais, cuja prote\u00e7\u00e3o \u00e9 uma responsabilidade compartilhada entre pais, sociedade e Igreja. Ele enfatizou que as crian\u00e7as t\u00eam direito a serem acolhidas, compreendidas, amadas e a viverem com seguran\u00e7a emocional e dignidade.<\/p>\n\n\n\n<p>Francisco defendeu que a Igreja deve priorizar as crian\u00e7as em sua miss\u00e3o, promovendo uma comunidade crist\u00e3 acolhedora e educativa. Ele frisou que a JMC \u00e9 uma oportunidade para que toda a Igreja se \u201crevista dos sentimentos das crian\u00e7as\u201d e deixe de lado os \u201csinais de poder\u201d em favor de um testemunho mais pr\u00f3ximo e compassivo.<\/p>\n\n\n\n<p>Objetivos da Jornada Mundial das Crian\u00e7as<\/p>\n\n\n\n<p>O Papa elencou cinco objetivos principais para a JMC:<\/p>\n\n\n\n<p>1. Dar voz aos direitos das crian\u00e7as na a\u00e7\u00e3o pastoral da Igreja, seguindo o exemplo de Jesus.<\/p>\n\n\n\n<p>2. Promover uma experi\u00eancia de Igreja em todos os n\u00edveis, fazendo da comunidade crist\u00e3 uma verdadeira educadora.<\/p>\n\n\n\n<p>3. Revigorar a espiritualidade da Igreja, inspirada na simplicidade e confian\u00e7a das crian\u00e7as.<\/p>\n\n\n\n<p>4. Fortalecer o conhecimento e o amor por Jesus entre os pequenos, com base nas tradi\u00e7\u00f5es da Igreja.<\/p>\n\n\n\n<p>5. Apresentar a Igreja como m\u00e3e, especialmente durante a prepara\u00e7\u00e3o catequ\u00e9tica e celebra\u00e7\u00e3o da JMC.<\/p>\n\n\n\n<p>O Pontif\u00edcio Comit\u00ea tamb\u00e9m atuar\u00e1 junto \u00e0s dioceses e Confer\u00eancias Episcopais para integrar a JMC \u00e0 pastoral infantil de cada regi\u00e3o, garantindo que ela n\u00e3o seja apenas um evento isolado, mas uma prioridade cont\u00ednua da Igreja.<\/p>\n","protected":false},"excerpt":{"rendered":"<p>O Papa Francisco anunciou, nesta quarta-feira (20), a cria\u00e7\u00e3o do Pontif\u00edcio Comit\u00ea para a Jornada Mundial das Crian\u00e7as (JMC). O novo \u00f3rg\u00e3o, subordinado diretamente ao Pont\u00edfice, ser\u00e1 respons\u00e1vel pela anima\u00e7\u00e3o e organiza\u00e7\u00e3o pastoral do evento, refor\u00e7ando a prote\u00e7\u00e3o e os direitos das crian\u00e7as na Igreja e na sociedade. A Jornada Mundial das Crian\u00e7as foi idealizada [&hellip;]<\/p>\n","protected":false},"author":2,"featured_media":2892,"comment_status":"open","ping_status":"open","sticky":false,"template":"","format":"standard","meta":{"footnotes":""},"categories":[5],"tags":[],"class_list":["post-2891","post","type-post","status-publish","format-standard","has-post-thumbnail","hentry","category-noticias"],"wpmagazine_modules_lite_featured_media_urls":{"thumbnail":["http:\/\/radioclubedeinhapim.com.br\/wp-content\/uploads\/2024\/11\/Copia-de-Inserir-um-subtitulo-2024-11-21T084926.113-150x150.jpg",150,150,true],"cvmm-medium":["http:\/\/radioclubedeinhapim.com.br\/wp-content\/uploads\/2024\/11\/Copia-de-Inserir-um-subtitulo-2024-11-21T084926.113-300x300.jpg",300,300,true],"cvmm-medium-plus":["http:\/\/radioclubedeinhapim.com.br\/wp-content\/uploads\/2024\/11\/Copia-de-Inserir-um-subtitulo-2024-11-21T084926.113-305x207.jpg",305,207,true],"cvmm-portrait":["http:\/\/radioclubedeinhapim.com.br\/wp-content\/uploads\/2024\/11\/Copia-de-Inserir-um-subtitulo-2024-11-21T084926.113-400x600.jpg",400,600,true],"cvmm-medium-square":["http:\/\/radioclubedeinhapim.com.br\/wp-content\/uploads\/2024\/11\/Copia-de-Inserir-um-subtitulo-2024-11-21T084926.113-600x600.jpg",600,600,true],"cvmm-large":["http:\/\/radioclubedeinhapim.com.br\/wp-content\/uploads\/2024\/11\/Copia-de-Inserir-um-subtitulo-2024-11-21T084926.113-1024x1024.jpg",1024,1024,true],"cvmm-small":["http:\/\/radioclubedeinhapim.com.br\/wp-content\/uploads\/2024\/11\/Copia-de-Inserir-um-subtitulo-2024-11-21T084926.113-130x95.jpg",130,95,true],"full":["http:\/\/radioclubedeinhapim.com.br\/wp-content\/uploads\/2024\/11\/Copia-de-Inserir-um-subtitulo-2024-11-21T084926.113.jpg",1080,1080,false]},"categories_names":{"5":{"name":"Not\u00edcias","link":"http:\/\/radioclubedeinhapim.com.br\/index.php\/category\/noticias\/"}},"tags_names":[],"comments_number":"0","_links":{"self":[{"href":"http:\/\/radioclubedeinhapim.com.br\/index.php\/wp-json\/wp\/v2\/posts\/2891","targetHints":{"allow":["GET"]}}],"collection":[{"href":"http:\/\/radioclubedeinhapim.com.br\/index.php\/wp-json\/wp\/v2\/posts"}],"about":[{"href":"http:\/\/radioclubedeinhapim.com.br\/index.php\/wp-json\/wp\/v2\/types\/post"}],"author":[{"embeddable":true,"href":"http:\/\/radioclubedeinhapim.com.br\/index.php\/wp-json\/wp\/v2\/users\/2"}],"replies":[{"embeddable":true,"href":"http:\/\/radioclubedeinhapim.com.br\/index.php\/wp-json\/wp\/v2\/comments?post=2891"}],"version-history":[{"count":1,"href":"http:\/\/radioclubedeinhapim.com.br\/index.php\/wp-json\/wp\/v2\/posts\/2891\/revisions"}],"predecessor-version":[{"id":2893,"href":"http:\/\/radioclubedeinhapim.com.br\/index.php\/wp-json\/wp\/v2\/posts\/2891\/revisions\/2893"}],"wp:featuredmedia":[{"embeddable":true,"href":"http:\/\/radioclubedeinhapim.com.br\/index.php\/wp-json\/wp\/v2\/media\/2892"}],"wp:attachment":[{"href":"http:\/\/radioclubedeinhapim.com.br\/index.php\/wp-json\/wp\/v2\/media?parent=2891"}],"wp:term":[{"taxonomy":"category","embeddable":true,"href":"http:\/\/radioclubedeinhapim.com.br\/index.php\/wp-json\/wp\/v2\/categories?post=2891"},{"taxonomy":"post_tag","embeddable":true,"href":"http:\/\/radioclubedeinhapim.com.br\/index.php\/wp-json\/wp\/v2\/tags?post=2891"}],"curies":[{"name":"wp","href":"https:\/\/api.w.org\/{rel}","templated":true}]}}