{"id":3566,"date":"2025-01-14T08:51:36","date_gmt":"2025-01-14T11:51:36","guid":{"rendered":"https:\/\/radioclubedeinhapim.com.br\/?p=3566"},"modified":"2025-01-14T08:51:36","modified_gmt":"2025-01-14T11:51:36","slug":"lula-sanciona-programa-de-renegociacao-de-dividas-dos-estados-com-foco-em-seguranca-publica","status":"publish","type":"post","link":"http:\/\/radioclubedeinhapim.com.br\/index.php\/2025\/01\/14\/lula-sanciona-programa-de-renegociacao-de-dividas-dos-estados-com-foco-em-seguranca-publica\/","title":{"rendered":"Lula sanciona programa de renegocia\u00e7\u00e3o de d\u00edvidas dos estados com foco em seguran\u00e7a p\u00fablica"},"content":{"rendered":"\n<p>O presidente Luiz In\u00e1cio Lula da Silva (PT) sancionou, com vetos, o Programa de Pleno Pagamento de D\u00edvidas dos Estados (Propag), publicado no Di\u00e1rio Oficial da Uni\u00e3o nesta ter\u00e7a-feira (14). A iniciativa busca revisar d\u00edvidas estaduais e do Distrito Federal com a Uni\u00e3o, impondo contrapartidas, como investimentos em seguran\u00e7a p\u00fablica, educa\u00e7\u00e3o e outras \u00e1reas estrat\u00e9gicas.<\/p>\n\n\n\n<p>De autoria do <a><\/a>presidente do Senado, Rodrigo Pacheco (PSD-MG), o Propag autoriza desconto nos juros, prazo de 30 anos (360 parcelas) e condi\u00e7\u00f5es flex\u00edveis para amortiza\u00e7\u00f5es. A ades\u00e3o pode ser solicitada at\u00e9 31 de dezembro de 2025. Como entrada, os estados podem quitar parte das d\u00edvidas com bens m\u00f3veis ou im\u00f3veis, cr\u00e9ditos da d\u00edvida ativa ou participa\u00e7\u00f5es em empresas p\u00fablicas.<\/p>\n\n\n\n<p>Uma das contrapartidas obrigat\u00f3rias \u00e9 o investimento em seguran\u00e7a p\u00fablica. Estados devem alocar parte dos recursos economizados na moderniza\u00e7\u00e3o de equipamentos, capacita\u00e7\u00e3o de policiais e amplia\u00e7\u00e3o de sistemas de monitoramento e intelig\u00eancia, essenciais no combate ao crime organizado.<\/p>\n\n\n\n<p>Al\u00e9m disso, o programa exige equil\u00edbrio fiscal dos estados, limitando o crescimento das despesas prim\u00e1rias e proibindo novas opera\u00e7\u00f5es de cr\u00e9dito para pagar as parcelas da renegocia\u00e7\u00e3o. Estados inadimplentes por seis meses em 36 meses poder\u00e3o ser exclu\u00eddos.<\/p>\n\n\n\n<p>Com a renegocia\u00e7\u00e3o, estados poder\u00e3o investir em \u00e1reas cr\u00edticas, especialmente no fortalecimento da seguran\u00e7a p\u00fablica, educa\u00e7\u00e3o profissionalizante e infraestrutura. Uma das novidades \u00e9 o Fundo de Equaliza\u00e7\u00e3o Federativa, que receber\u00e1 recursos economizados pelos estados para aplica\u00e7\u00e3o em projetos estrat\u00e9gicos em todo o pa\u00eds.<\/p>\n\n\n\n<p>Especialistas alertam que o sucesso do programa depender\u00e1 da fiscaliza\u00e7\u00e3o rigorosa para garantir que os recursos sejam usados nas \u00e1reas priorit\u00e1rias. O Propag promete aliviar d\u00edvidas estaduais e estimular o desenvolvimento, mas ser\u00e1 essencial que as contrapartidas cumpram seu papel, sobretudo no enfrentamento \u00e0 viol\u00eancia e ao crime organizado.<\/p>\n","protected":false},"excerpt":{"rendered":"<p>O presidente Luiz In\u00e1cio Lula da Silva (PT) sancionou, com vetos, o Programa de Pleno Pagamento de D\u00edvidas dos Estados (Propag), publicado no Di\u00e1rio Oficial da Uni\u00e3o nesta ter\u00e7a-feira (14). A iniciativa busca revisar d\u00edvidas estaduais e do Distrito Federal com a Uni\u00e3o, impondo contrapartidas, como investimentos em seguran\u00e7a p\u00fablica, educa\u00e7\u00e3o e outras \u00e1reas estrat\u00e9gicas. [&hellip;]<\/p>\n","protected":false},"author":2,"featured_media":3567,"comment_status":"open","ping_status":"open","sticky":false,"template":"","format":"standard","meta":{"footnotes":""},"categories":[5],"tags":[],"class_list":["post-3566","post","type-post","status-publish","format-standard","has-post-thumbnail","hentry","category-noticias"],"wpmagazine_modules_lite_featured_media_urls":{"thumbnail":["http:\/\/radioclubedeinhapim.com.br\/wp-content\/uploads\/2025\/01\/Copia-de-Inserir-um-subtitulo-2025-01-14T084724.568-150x150.jpg",150,150,true],"cvmm-medium":["http:\/\/radioclubedeinhapim.com.br\/wp-content\/uploads\/2025\/01\/Copia-de-Inserir-um-subtitulo-2025-01-14T084724.568-300x300.jpg",300,300,true],"cvmm-medium-plus":["http:\/\/radioclubedeinhapim.com.br\/wp-content\/uploads\/2025\/01\/Copia-de-Inserir-um-subtitulo-2025-01-14T084724.568-305x207.jpg",305,207,true],"cvmm-portrait":["http:\/\/radioclubedeinhapim.com.br\/wp-content\/uploads\/2025\/01\/Copia-de-Inserir-um-subtitulo-2025-01-14T084724.568-400x600.jpg",400,600,true],"cvmm-medium-square":["http:\/\/radioclubedeinhapim.com.br\/wp-content\/uploads\/2025\/01\/Copia-de-Inserir-um-subtitulo-2025-01-14T084724.568-600x600.jpg",600,600,true],"cvmm-large":["http:\/\/radioclubedeinhapim.com.br\/wp-content\/uploads\/2025\/01\/Copia-de-Inserir-um-subtitulo-2025-01-14T084724.568-1024x1024.jpg",1024,1024,true],"cvmm-small":["http:\/\/radioclubedeinhapim.com.br\/wp-content\/uploads\/2025\/01\/Copia-de-Inserir-um-subtitulo-2025-01-14T084724.568-130x95.jpg",130,95,true],"full":["http:\/\/radioclubedeinhapim.com.br\/wp-content\/uploads\/2025\/01\/Copia-de-Inserir-um-subtitulo-2025-01-14T084724.568.jpg",1080,1080,false]},"categories_names":{"5":{"name":"Not\u00edcias","link":"http:\/\/radioclubedeinhapim.com.br\/index.php\/category\/noticias\/"}},"tags_names":[],"comments_number":"0","_links":{"self":[{"href":"http:\/\/radioclubedeinhapim.com.br\/index.php\/wp-json\/wp\/v2\/posts\/3566","targetHints":{"allow":["GET"]}}],"collection":[{"href":"http:\/\/radioclubedeinhapim.com.br\/index.php\/wp-json\/wp\/v2\/posts"}],"about":[{"href":"http:\/\/radioclubedeinhapim.com.br\/index.php\/wp-json\/wp\/v2\/types\/post"}],"author":[{"embeddable":true,"href":"http:\/\/radioclubedeinhapim.com.br\/index.php\/wp-json\/wp\/v2\/users\/2"}],"replies":[{"embeddable":true,"href":"http:\/\/radioclubedeinhapim.com.br\/index.php\/wp-json\/wp\/v2\/comments?post=3566"}],"version-history":[{"count":1,"href":"http:\/\/radioclubedeinhapim.com.br\/index.php\/wp-json\/wp\/v2\/posts\/3566\/revisions"}],"predecessor-version":[{"id":3568,"href":"http:\/\/radioclubedeinhapim.com.br\/index.php\/wp-json\/wp\/v2\/posts\/3566\/revisions\/3568"}],"wp:featuredmedia":[{"embeddable":true,"href":"http:\/\/radioclubedeinhapim.com.br\/index.php\/wp-json\/wp\/v2\/media\/3567"}],"wp:attachment":[{"href":"http:\/\/radioclubedeinhapim.com.br\/index.php\/wp-json\/wp\/v2\/media?parent=3566"}],"wp:term":[{"taxonomy":"category","embeddable":true,"href":"http:\/\/radioclubedeinhapim.com.br\/index.php\/wp-json\/wp\/v2\/categories?post=3566"},{"taxonomy":"post_tag","embeddable":true,"href":"http:\/\/radioclubedeinhapim.com.br\/index.php\/wp-json\/wp\/v2\/tags?post=3566"}],"curies":[{"name":"wp","href":"https:\/\/api.w.org\/{rel}","templated":true}]}}