{"id":3596,"date":"2025-01-15T11:55:17","date_gmt":"2025-01-15T14:55:17","guid":{"rendered":"https:\/\/radioclubedeinhapim.com.br\/?p=3596"},"modified":"2025-01-15T11:55:17","modified_gmt":"2025-01-15T14:55:17","slug":"zema-diz-que-minas-gerais-nao-vai-aderir-ao-propag-se-vetos-de-lula-forem-mantidos-no-congresso","status":"publish","type":"post","link":"http:\/\/radioclubedeinhapim.com.br\/index.php\/2025\/01\/15\/zema-diz-que-minas-gerais-nao-vai-aderir-ao-propag-se-vetos-de-lula-forem-mantidos-no-congresso\/","title":{"rendered":"Zema diz que Minas Gerais n\u00e3o vai aderir ao Propag se vetos de Lula forem mantidos no Congresso"},"content":{"rendered":"\n<p>O governador de Minas Gerais, Romeu Zema (Novo), declarou em coletiva de imprensa nesta quarta-feira (15) que o estado n\u00e3o ir\u00e1 aderir ao Programa de Pleno Pagamento da D\u00edvida dos Estados (Propag) caso os vetos impostos pelo presidente Luiz In\u00e1cio Lula da Silva (PT) sejam mantidos.<\/p>\n\n\n\n<p>Zema criticou fortemente os vetos de Lula, afirmando que, com as altera\u00e7\u00f5es, o Propag se tornou uma <a><\/a>op\u00e7\u00e3o menos favor\u00e1vel que o Regime de Recupera\u00e7\u00e3o Fiscal (RRF), que estava em vigor anteriormente.<\/p>\n\n\n\n<p>De acordo com o governador, o projeto original do senador Rodrigo Pacheco (PSD) foi significativamente modificado, o que causou indigna\u00e7\u00e3o entre os governadores de estados mais endividados, como os do Rio de Janeiro e do Rio Grande do Sul.<\/p>\n\n\n\n<p>Zema destacou que o Propag, em sua vers\u00e3o alterada, n\u00e3o oferece uma alternativa vi\u00e1vel para estados como Minas Gerais, tornando-se, na pr\u00e1tica, um plano de recupera\u00e7\u00e3o fiscal ainda mais prejudicial. O governador explicou que, embora o projeto original tivesse sido aprovado com entusiasmo, a interven\u00e7\u00e3o do governo federal acabou por mutilar seu conte\u00fado, tornando-o ineficaz. Ele enfatizou que, sem a derrubada dos vetos no Congresso, o programa n\u00e3o representar\u00e1 uma solu\u00e7\u00e3o real para os estados endividados.<\/p>\n\n\n\n<p>O posicionamento de Zema \u00e9 compartilhado por outros governadores, como Eduardo Leite (PSDB) e Cl\u00e1udio Castro (PL), que tamb\u00e9m criticaram as mudan\u00e7as no Propag. Eles consideram que as modifica\u00e7\u00f5es retiraram benef\u00edcios importantes que estavam previstos no RRF, o que prejudica os estados em situa\u00e7\u00e3o fiscal mais delicada.<\/p>\n\n\n\n<p>Diante dessa situa\u00e7\u00e3o, Zema revelou que os governadores est\u00e3o se organizando para se reunir em Bras\u00edlia e buscar a derrubada dos vetos no Congresso Nacional.<\/p>\n\n\n\n<p>Para ele, se o programa continuar nos termos atuais, com as modifica\u00e7\u00f5es feitas pelo governo federal, a ades\u00e3o ao Propag ser\u00e1 invi\u00e1vel, uma vez que ele oferece condi\u00e7\u00f5es piores que as do Regime de Recupera\u00e7\u00e3o Fiscal, o que tornaria o plano ineficaz para resolver os problemas fiscais dos estados.<\/p>\n","protected":false},"excerpt":{"rendered":"<p>O governador de Minas Gerais, Romeu Zema (Novo), declarou em coletiva de imprensa nesta quarta-feira (15) que o estado n\u00e3o ir\u00e1 aderir ao Programa de Pleno Pagamento da D\u00edvida dos Estados (Propag) caso os vetos impostos pelo presidente Luiz In\u00e1cio Lula da Silva (PT) sejam mantidos. Zema criticou fortemente os vetos de Lula, afirmando que, [&hellip;]<\/p>\n","protected":false},"author":2,"featured_media":3597,"comment_status":"open","ping_status":"open","sticky":false,"template":"","format":"standard","meta":{"footnotes":""},"categories":[5],"tags":[],"class_list":["post-3596","post","type-post","status-publish","format-standard","has-post-thumbnail","hentry","category-noticias"],"wpmagazine_modules_lite_featured_media_urls":{"thumbnail":["http:\/\/radioclubedeinhapim.com.br\/wp-content\/uploads\/2025\/01\/473759212_1425971821735187_2903290510217133905_n-150x150.jpg",150,150,true],"cvmm-medium":["http:\/\/radioclubedeinhapim.com.br\/wp-content\/uploads\/2025\/01\/473759212_1425971821735187_2903290510217133905_n-300x300.jpg",300,300,true],"cvmm-medium-plus":["http:\/\/radioclubedeinhapim.com.br\/wp-content\/uploads\/2025\/01\/473759212_1425971821735187_2903290510217133905_n-305x207.jpg",305,207,true],"cvmm-portrait":["http:\/\/radioclubedeinhapim.com.br\/wp-content\/uploads\/2025\/01\/473759212_1425971821735187_2903290510217133905_n-400x600.jpg",400,600,true],"cvmm-medium-square":["http:\/\/radioclubedeinhapim.com.br\/wp-content\/uploads\/2025\/01\/473759212_1425971821735187_2903290510217133905_n-600x600.jpg",600,600,true],"cvmm-large":["http:\/\/radioclubedeinhapim.com.br\/wp-content\/uploads\/2025\/01\/473759212_1425971821735187_2903290510217133905_n-1024x1024.jpg",1024,1024,true],"cvmm-small":["http:\/\/radioclubedeinhapim.com.br\/wp-content\/uploads\/2025\/01\/473759212_1425971821735187_2903290510217133905_n-130x95.jpg",130,95,true],"full":["http:\/\/radioclubedeinhapim.com.br\/wp-content\/uploads\/2025\/01\/473759212_1425971821735187_2903290510217133905_n.jpg",1080,1080,false]},"categories_names":{"5":{"name":"Not\u00edcias","link":"http:\/\/radioclubedeinhapim.com.br\/index.php\/category\/noticias\/"}},"tags_names":[],"comments_number":"0","_links":{"self":[{"href":"http:\/\/radioclubedeinhapim.com.br\/index.php\/wp-json\/wp\/v2\/posts\/3596","targetHints":{"allow":["GET"]}}],"collection":[{"href":"http:\/\/radioclubedeinhapim.com.br\/index.php\/wp-json\/wp\/v2\/posts"}],"about":[{"href":"http:\/\/radioclubedeinhapim.com.br\/index.php\/wp-json\/wp\/v2\/types\/post"}],"author":[{"embeddable":true,"href":"http:\/\/radioclubedeinhapim.com.br\/index.php\/wp-json\/wp\/v2\/users\/2"}],"replies":[{"embeddable":true,"href":"http:\/\/radioclubedeinhapim.com.br\/index.php\/wp-json\/wp\/v2\/comments?post=3596"}],"version-history":[{"count":1,"href":"http:\/\/radioclubedeinhapim.com.br\/index.php\/wp-json\/wp\/v2\/posts\/3596\/revisions"}],"predecessor-version":[{"id":3598,"href":"http:\/\/radioclubedeinhapim.com.br\/index.php\/wp-json\/wp\/v2\/posts\/3596\/revisions\/3598"}],"wp:featuredmedia":[{"embeddable":true,"href":"http:\/\/radioclubedeinhapim.com.br\/index.php\/wp-json\/wp\/v2\/media\/3597"}],"wp:attachment":[{"href":"http:\/\/radioclubedeinhapim.com.br\/index.php\/wp-json\/wp\/v2\/media?parent=3596"}],"wp:term":[{"taxonomy":"category","embeddable":true,"href":"http:\/\/radioclubedeinhapim.com.br\/index.php\/wp-json\/wp\/v2\/categories?post=3596"},{"taxonomy":"post_tag","embeddable":true,"href":"http:\/\/radioclubedeinhapim.com.br\/index.php\/wp-json\/wp\/v2\/tags?post=3596"}],"curies":[{"name":"wp","href":"https:\/\/api.w.org\/{rel}","templated":true}]}}