{"id":3615,"date":"2025-01-16T08:40:32","date_gmt":"2025-01-16T11:40:32","guid":{"rendered":"https:\/\/radioclubedeinhapim.com.br\/?p=3615"},"modified":"2025-01-16T08:40:32","modified_gmt":"2025-01-16T11:40:32","slug":"homem-e-preso-apos-esfaquear-irma-gestante-e-ameacar-irmao-em-espera-feliz","status":"publish","type":"post","link":"http:\/\/radioclubedeinhapim.com.br\/index.php\/2025\/01\/16\/homem-e-preso-apos-esfaquear-irma-gestante-e-ameacar-irmao-em-espera-feliz\/","title":{"rendered":"Homem \u00e9 preso ap\u00f3s esfaquear irm\u00e3 gestante e amea\u00e7ar irm\u00e3o em Espera Feliz"},"content":{"rendered":"\n<p>Na manh\u00e3 de s\u00e1bado (11), por volta das 7h10, uma mulher gr\u00e1vida foi v\u00edtima de agress\u00e3o por facadas em sua resid\u00eancia na Rua Major Pereira, no Centro de Espera Feliz. O suspeito, identificado como irm\u00e3o da v\u00edtima, foi preso em flagrante pela Pol\u00edcia Militar.<\/p>\n\n\n\n<p>De acordo com informa\u00e7\u00f5es registradas, a mulher, que mora com dois filhos menores e dois irm\u00e3os, tentou intervir em uma briga entre os irm\u00e3os ap\u00f3s o <a><\/a>suspeito, em vis\u00edvel estado de embriaguez e sob efeito de drogas, come\u00e7ar a amea\u00e7ar a fam\u00edlia com uma faca. Durante a discuss\u00e3o, ele teria desferido golpes de faca contra a gestante, causando ferimentos nos dedos enquanto ela tentava se defender.<\/p>\n\n\n\n<p>Segundo relatos, o irm\u00e3o da v\u00edtima tamb\u00e9m foi amea\u00e7ado durante o ocorrido e, temendo pela seguran\u00e7a de todos, tentou proteger a irm\u00e3 e os sobrinhos. Ap\u00f3s o ataque, o suspeito fugiu, mas foi localizado pela pol\u00edcia nas proximidades da resid\u00eancia.<\/p>\n\n\n\n<p>A faca utilizada no crime, com marcas de sangue, foi encontrada e apreendida em um terreno pr\u00f3ximo. A v\u00edtima foi atendida no hospital local, onde foram constatadas les\u00f5es nos dedos e escoria\u00e7\u00f5es nas m\u00e3os. O suspeito, que j\u00e1 possui hist\u00f3rico criminal por tr\u00e1fico de drogas, amea\u00e7as e descumprimento de medidas protetivas, foi levado \u00e0 Delegacia de Plant\u00e3o em Manhua\u00e7u para as devidas provid\u00eancias.<\/p>\n\n\n\n<p><\/p>\n","protected":false},"excerpt":{"rendered":"<p>Na manh\u00e3 de s\u00e1bado (11), por volta das 7h10, uma mulher gr\u00e1vida foi v\u00edtima de agress\u00e3o por facadas em sua resid\u00eancia na Rua Major Pereira, no Centro de Espera Feliz. O suspeito, identificado como irm\u00e3o da v\u00edtima, foi preso em flagrante pela Pol\u00edcia Militar. De acordo com informa\u00e7\u00f5es registradas, a mulher, que mora com dois [&hellip;]<\/p>\n","protected":false},"author":2,"featured_media":3616,"comment_status":"open","ping_status":"open","sticky":false,"template":"","format":"standard","meta":{"footnotes":""},"categories":[5],"tags":[],"class_list":["post-3615","post","type-post","status-publish","format-standard","has-post-thumbnail","hentry","category-noticias"],"wpmagazine_modules_lite_featured_media_urls":{"thumbnail":["http:\/\/radioclubedeinhapim.com.br\/wp-content\/uploads\/2025\/01\/Copia-de-Inserir-um-subtitulo-2025-01-16T084053.465-150x150.jpg",150,150,true],"cvmm-medium":["http:\/\/radioclubedeinhapim.com.br\/wp-content\/uploads\/2025\/01\/Copia-de-Inserir-um-subtitulo-2025-01-16T084053.465-300x300.jpg",300,300,true],"cvmm-medium-plus":["http:\/\/radioclubedeinhapim.com.br\/wp-content\/uploads\/2025\/01\/Copia-de-Inserir-um-subtitulo-2025-01-16T084053.465-305x207.jpg",305,207,true],"cvmm-portrait":["http:\/\/radioclubedeinhapim.com.br\/wp-content\/uploads\/2025\/01\/Copia-de-Inserir-um-subtitulo-2025-01-16T084053.465-400x600.jpg",400,600,true],"cvmm-medium-square":["http:\/\/radioclubedeinhapim.com.br\/wp-content\/uploads\/2025\/01\/Copia-de-Inserir-um-subtitulo-2025-01-16T084053.465-600x600.jpg",600,600,true],"cvmm-large":["http:\/\/radioclubedeinhapim.com.br\/wp-content\/uploads\/2025\/01\/Copia-de-Inserir-um-subtitulo-2025-01-16T084053.465-1024x1024.jpg",1024,1024,true],"cvmm-small":["http:\/\/radioclubedeinhapim.com.br\/wp-content\/uploads\/2025\/01\/Copia-de-Inserir-um-subtitulo-2025-01-16T084053.465-130x95.jpg",130,95,true],"full":["http:\/\/radioclubedeinhapim.com.br\/wp-content\/uploads\/2025\/01\/Copia-de-Inserir-um-subtitulo-2025-01-16T084053.465.jpg",1080,1080,false]},"categories_names":{"5":{"name":"Not\u00edcias","link":"http:\/\/radioclubedeinhapim.com.br\/index.php\/category\/noticias\/"}},"tags_names":[],"comments_number":"0","_links":{"self":[{"href":"http:\/\/radioclubedeinhapim.com.br\/index.php\/wp-json\/wp\/v2\/posts\/3615","targetHints":{"allow":["GET"]}}],"collection":[{"href":"http:\/\/radioclubedeinhapim.com.br\/index.php\/wp-json\/wp\/v2\/posts"}],"about":[{"href":"http:\/\/radioclubedeinhapim.com.br\/index.php\/wp-json\/wp\/v2\/types\/post"}],"author":[{"embeddable":true,"href":"http:\/\/radioclubedeinhapim.com.br\/index.php\/wp-json\/wp\/v2\/users\/2"}],"replies":[{"embeddable":true,"href":"http:\/\/radioclubedeinhapim.com.br\/index.php\/wp-json\/wp\/v2\/comments?post=3615"}],"version-history":[{"count":1,"href":"http:\/\/radioclubedeinhapim.com.br\/index.php\/wp-json\/wp\/v2\/posts\/3615\/revisions"}],"predecessor-version":[{"id":3617,"href":"http:\/\/radioclubedeinhapim.com.br\/index.php\/wp-json\/wp\/v2\/posts\/3615\/revisions\/3617"}],"wp:featuredmedia":[{"embeddable":true,"href":"http:\/\/radioclubedeinhapim.com.br\/index.php\/wp-json\/wp\/v2\/media\/3616"}],"wp:attachment":[{"href":"http:\/\/radioclubedeinhapim.com.br\/index.php\/wp-json\/wp\/v2\/media?parent=3615"}],"wp:term":[{"taxonomy":"category","embeddable":true,"href":"http:\/\/radioclubedeinhapim.com.br\/index.php\/wp-json\/wp\/v2\/categories?post=3615"},{"taxonomy":"post_tag","embeddable":true,"href":"http:\/\/radioclubedeinhapim.com.br\/index.php\/wp-json\/wp\/v2\/tags?post=3615"}],"curies":[{"name":"wp","href":"https:\/\/api.w.org\/{rel}","templated":true}]}}