{"id":3734,"date":"2025-01-27T11:53:10","date_gmt":"2025-01-27T14:53:10","guid":{"rendered":"https:\/\/radioclubedeinhapim.com.br\/?p=3734"},"modified":"2025-01-27T11:53:10","modified_gmt":"2025-01-27T14:53:10","slug":"sinal-de-fumaca-no-presidio-de-inhapim-assusta-moradores-mas-foco-de-fogo-ja-foi-controlado","status":"publish","type":"post","link":"http:\/\/radioclubedeinhapim.com.br\/index.php\/2025\/01\/27\/sinal-de-fumaca-no-presidio-de-inhapim-assusta-moradores-mas-foco-de-fogo-ja-foi-controlado\/","title":{"rendered":"Sinal de fuma\u00e7a no Pres\u00eddio de Inhapim assusta moradores, mas foco de fogo j\u00e1 foi controlado"},"content":{"rendered":"\n<p>Na noite de hoje, 26 de janeiro, um sinal de fuma\u00e7a saindo do Pres\u00eddio de Inhapim gerou grande preocupa\u00e7\u00e3o entre os moradores da cidade. A equipe da R\u00e1dio Clube de Inhapim foi acionada e se dirigiu ao local para apurar os fatos.<\/p>\n\n\n\n<p>Ao chegar, alguns familiares estavam nas imedia\u00e7\u00f5es do pres\u00eddio, preocupados com a situa\u00e7\u00e3o. Entretanto, ao conversar com o policial penal na portaria, a equipe foi informada de que o sinal de fuma\u00e7a era resultado de um pequeno foco de fogo em um colch\u00e3o de um detento. O incidente foi rapidamente controlado, e n\u00e3o houve maiores danos ou v\u00edtimas.<\/p>\n\n\n\n<p>A Pol\u00edcia Militar foi acionada para dar suporte, mas, quando chegou ao local, a situa\u00e7\u00e3o j\u00e1 estava sob controle, conforme informado pelo porteiro do pres\u00eddio.<\/p>\n\n\n\n<p>Com a situa\u00e7\u00e3o estabilizada, o pres\u00eddio segue operando normalmente, e a popula\u00e7\u00e3o pode ficar tranquila.<\/p>\n\n\n\n<p>A R\u00e1dio Clube de Inhapim segue acompanhando os fatos relevantes de nossa regi\u00e3o para garantir a informa\u00e7\u00e3o correta.<\/p>\n","protected":false},"excerpt":{"rendered":"<p>Na noite de hoje, 26 de janeiro, um sinal de fuma\u00e7a saindo do Pres\u00eddio de Inhapim gerou grande preocupa\u00e7\u00e3o entre os moradores da cidade. A equipe da R\u00e1dio Clube de Inhapim foi acionada e se dirigiu ao local para apurar os fatos. Ao chegar, alguns familiares estavam nas imedia\u00e7\u00f5es do pres\u00eddio, preocupados com a situa\u00e7\u00e3o. [&hellip;]<\/p>\n","protected":false},"author":2,"featured_media":3735,"comment_status":"open","ping_status":"open","sticky":false,"template":"","format":"standard","meta":{"footnotes":""},"categories":[5],"tags":[],"class_list":["post-3734","post","type-post","status-publish","format-standard","has-post-thumbnail","hentry","category-noticias"],"wpmagazine_modules_lite_featured_media_urls":{"thumbnail":["http:\/\/radioclubedeinhapim.com.br\/wp-content\/uploads\/2025\/01\/475148704_1434969854168717_4799701192975536722_n-150x150.jpg",150,150,true],"cvmm-medium":["http:\/\/radioclubedeinhapim.com.br\/wp-content\/uploads\/2025\/01\/475148704_1434969854168717_4799701192975536722_n-300x300.jpg",300,300,true],"cvmm-medium-plus":["http:\/\/radioclubedeinhapim.com.br\/wp-content\/uploads\/2025\/01\/475148704_1434969854168717_4799701192975536722_n-305x207.jpg",305,207,true],"cvmm-portrait":["http:\/\/radioclubedeinhapim.com.br\/wp-content\/uploads\/2025\/01\/475148704_1434969854168717_4799701192975536722_n-400x600.jpg",400,600,true],"cvmm-medium-square":["http:\/\/radioclubedeinhapim.com.br\/wp-content\/uploads\/2025\/01\/475148704_1434969854168717_4799701192975536722_n-600x600.jpg",600,600,true],"cvmm-large":["http:\/\/radioclubedeinhapim.com.br\/wp-content\/uploads\/2025\/01\/475148704_1434969854168717_4799701192975536722_n.jpg",960,960,false],"cvmm-small":["http:\/\/radioclubedeinhapim.com.br\/wp-content\/uploads\/2025\/01\/475148704_1434969854168717_4799701192975536722_n-130x95.jpg",130,95,true],"full":["http:\/\/radioclubedeinhapim.com.br\/wp-content\/uploads\/2025\/01\/475148704_1434969854168717_4799701192975536722_n.jpg",960,960,false]},"categories_names":{"5":{"name":"Not\u00edcias","link":"http:\/\/radioclubedeinhapim.com.br\/index.php\/category\/noticias\/"}},"tags_names":[],"comments_number":"0","_links":{"self":[{"href":"http:\/\/radioclubedeinhapim.com.br\/index.php\/wp-json\/wp\/v2\/posts\/3734","targetHints":{"allow":["GET"]}}],"collection":[{"href":"http:\/\/radioclubedeinhapim.com.br\/index.php\/wp-json\/wp\/v2\/posts"}],"about":[{"href":"http:\/\/radioclubedeinhapim.com.br\/index.php\/wp-json\/wp\/v2\/types\/post"}],"author":[{"embeddable":true,"href":"http:\/\/radioclubedeinhapim.com.br\/index.php\/wp-json\/wp\/v2\/users\/2"}],"replies":[{"embeddable":true,"href":"http:\/\/radioclubedeinhapim.com.br\/index.php\/wp-json\/wp\/v2\/comments?post=3734"}],"version-history":[{"count":1,"href":"http:\/\/radioclubedeinhapim.com.br\/index.php\/wp-json\/wp\/v2\/posts\/3734\/revisions"}],"predecessor-version":[{"id":3736,"href":"http:\/\/radioclubedeinhapim.com.br\/index.php\/wp-json\/wp\/v2\/posts\/3734\/revisions\/3736"}],"wp:featuredmedia":[{"embeddable":true,"href":"http:\/\/radioclubedeinhapim.com.br\/index.php\/wp-json\/wp\/v2\/media\/3735"}],"wp:attachment":[{"href":"http:\/\/radioclubedeinhapim.com.br\/index.php\/wp-json\/wp\/v2\/media?parent=3734"}],"wp:term":[{"taxonomy":"category","embeddable":true,"href":"http:\/\/radioclubedeinhapim.com.br\/index.php\/wp-json\/wp\/v2\/categories?post=3734"},{"taxonomy":"post_tag","embeddable":true,"href":"http:\/\/radioclubedeinhapim.com.br\/index.php\/wp-json\/wp\/v2\/tags?post=3734"}],"curies":[{"name":"wp","href":"https:\/\/api.w.org\/{rel}","templated":true}]}}