{"id":3867,"date":"2025-01-31T11:57:48","date_gmt":"2025-01-31T14:57:48","guid":{"rendered":"https:\/\/radioclubedeinhapim.com.br\/?p=3867"},"modified":"2025-01-31T11:57:48","modified_gmt":"2025-01-31T14:57:48","slug":"mec-reajusta-piso-salarial-dos-professores-em-627-valor-sera-de-r-4-86777","status":"publish","type":"post","link":"http:\/\/radioclubedeinhapim.com.br\/index.php\/2025\/01\/31\/mec-reajusta-piso-salarial-dos-professores-em-627-valor-sera-de-r-4-86777\/","title":{"rendered":"MEC reajusta piso salarial dos professores em 6,27%; valor ser\u00e1 de R$ 4.867,77"},"content":{"rendered":"\n<p>O Minist\u00e9rio da Educa\u00e7\u00e3o (MEC) publicou nesta sexta-feira (31) a portaria que define o aumento do piso salarial dos professores para 2025.<\/p>\n\n\n\n<p>O novo sal\u00e1rio m\u00ednimo dos magistrados ficou firmado em R$ 4.867,77, um aumento de 6,27% em rela\u00e7\u00e3o a 2024, quando o valor era de R$ 4.580,57.<\/p>\n\n\n\n<p>Esse sal\u00e1rio \u00e9 v\u00e1lido para profissionais que lecionam na rede p\u00fablica de ensino e cumprem jornada de ao menos 40 horas semanais.<\/p>\n\n\n\n<p>O reajuste percentual est\u00e1 acima do acumulado do \u00cdndice Nacional de Pre\u00e7os ao Consumidor Amplo (IPCA), considerado a infla\u00e7\u00e3o oficial do pa\u00eds, no \u00faltimo ano \u2014 4,83%%.<\/p>\n\n\n\n<p>Na quinta-feira (30), o ministro da Educa\u00e7\u00e3o Camilo Santana anunciou o reajuste em suas redes sociais.<\/p>\n\n\n\n<p>&#8220;Assinei a Portaria MEC n\u00ba 77, de 29 de janeiro de 2025, que define o novo Piso Salarial Profissional Nacional do magist\u00e9rio p\u00fablico da educa\u00e7\u00e3o b\u00e1sica. Com aumento de 6,27%, o valor m\u00ednimo que professores da rede p\u00fablica da educa\u00e7\u00e3o b\u00e1sica devem ganhar no Brasil passa a ser de R$ 4.867,77.&#8221;<\/p>\n\n\n\n<p>A atualiza\u00e7\u00e3o no sal\u00e1rio dos professores \u00e9 obrigat\u00f3ria, com base em uma lei sancionada em 2008, e ocorre anualmente, em janeiro.&nbsp;<\/p>\n","protected":false},"excerpt":{"rendered":"<p>O Minist\u00e9rio da Educa\u00e7\u00e3o (MEC) publicou nesta sexta-feira (31) a portaria que define o aumento do piso salarial dos professores para 2025. O novo sal\u00e1rio m\u00ednimo dos magistrados ficou firmado em R$ 4.867,77, um aumento de 6,27% em rela\u00e7\u00e3o a 2024, quando o valor era de R$ 4.580,57. Esse sal\u00e1rio \u00e9 v\u00e1lido para profissionais que [&hellip;]<\/p>\n","protected":false},"author":2,"featured_media":3868,"comment_status":"open","ping_status":"open","sticky":false,"template":"","format":"standard","meta":{"footnotes":""},"categories":[5],"tags":[],"class_list":["post-3867","post","type-post","status-publish","format-standard","has-post-thumbnail","hentry","category-noticias"],"wpmagazine_modules_lite_featured_media_urls":{"thumbnail":["http:\/\/radioclubedeinhapim.com.br\/wp-content\/uploads\/2025\/01\/Copia-de-Inserir-um-subtitulo-2025-01-31T103343.443-150x150.jpg",150,150,true],"cvmm-medium":["http:\/\/radioclubedeinhapim.com.br\/wp-content\/uploads\/2025\/01\/Copia-de-Inserir-um-subtitulo-2025-01-31T103343.443-300x300.jpg",300,300,true],"cvmm-medium-plus":["http:\/\/radioclubedeinhapim.com.br\/wp-content\/uploads\/2025\/01\/Copia-de-Inserir-um-subtitulo-2025-01-31T103343.443-305x207.jpg",305,207,true],"cvmm-portrait":["http:\/\/radioclubedeinhapim.com.br\/wp-content\/uploads\/2025\/01\/Copia-de-Inserir-um-subtitulo-2025-01-31T103343.443-400x600.jpg",400,600,true],"cvmm-medium-square":["http:\/\/radioclubedeinhapim.com.br\/wp-content\/uploads\/2025\/01\/Copia-de-Inserir-um-subtitulo-2025-01-31T103343.443-600x600.jpg",600,600,true],"cvmm-large":["http:\/\/radioclubedeinhapim.com.br\/wp-content\/uploads\/2025\/01\/Copia-de-Inserir-um-subtitulo-2025-01-31T103343.443-1024x1024.jpg",1024,1024,true],"cvmm-small":["http:\/\/radioclubedeinhapim.com.br\/wp-content\/uploads\/2025\/01\/Copia-de-Inserir-um-subtitulo-2025-01-31T103343.443-130x95.jpg",130,95,true],"full":["http:\/\/radioclubedeinhapim.com.br\/wp-content\/uploads\/2025\/01\/Copia-de-Inserir-um-subtitulo-2025-01-31T103343.443.jpg",1080,1080,false]},"categories_names":{"5":{"name":"Not\u00edcias","link":"http:\/\/radioclubedeinhapim.com.br\/index.php\/category\/noticias\/"}},"tags_names":[],"comments_number":"0","_links":{"self":[{"href":"http:\/\/radioclubedeinhapim.com.br\/index.php\/wp-json\/wp\/v2\/posts\/3867","targetHints":{"allow":["GET"]}}],"collection":[{"href":"http:\/\/radioclubedeinhapim.com.br\/index.php\/wp-json\/wp\/v2\/posts"}],"about":[{"href":"http:\/\/radioclubedeinhapim.com.br\/index.php\/wp-json\/wp\/v2\/types\/post"}],"author":[{"embeddable":true,"href":"http:\/\/radioclubedeinhapim.com.br\/index.php\/wp-json\/wp\/v2\/users\/2"}],"replies":[{"embeddable":true,"href":"http:\/\/radioclubedeinhapim.com.br\/index.php\/wp-json\/wp\/v2\/comments?post=3867"}],"version-history":[{"count":1,"href":"http:\/\/radioclubedeinhapim.com.br\/index.php\/wp-json\/wp\/v2\/posts\/3867\/revisions"}],"predecessor-version":[{"id":3869,"href":"http:\/\/radioclubedeinhapim.com.br\/index.php\/wp-json\/wp\/v2\/posts\/3867\/revisions\/3869"}],"wp:featuredmedia":[{"embeddable":true,"href":"http:\/\/radioclubedeinhapim.com.br\/index.php\/wp-json\/wp\/v2\/media\/3868"}],"wp:attachment":[{"href":"http:\/\/radioclubedeinhapim.com.br\/index.php\/wp-json\/wp\/v2\/media?parent=3867"}],"wp:term":[{"taxonomy":"category","embeddable":true,"href":"http:\/\/radioclubedeinhapim.com.br\/index.php\/wp-json\/wp\/v2\/categories?post=3867"},{"taxonomy":"post_tag","embeddable":true,"href":"http:\/\/radioclubedeinhapim.com.br\/index.php\/wp-json\/wp\/v2\/tags?post=3867"}],"curies":[{"name":"wp","href":"https:\/\/api.w.org\/{rel}","templated":true}]}}