{"id":3870,"date":"2025-01-31T12:36:24","date_gmt":"2025-01-31T15:36:24","guid":{"rendered":"https:\/\/radioclubedeinhapim.com.br\/?p=3870"},"modified":"2025-01-31T12:36:24","modified_gmt":"2025-01-31T15:36:24","slug":"foragido-de-caratinga-e-preso-em-vitoria-enquanto-relaxava-na-praia-mandado-de-prisao-foi-expedido-ha-10-dias","status":"publish","type":"post","link":"http:\/\/radioclubedeinhapim.com.br\/index.php\/2025\/01\/31\/foragido-de-caratinga-e-preso-em-vitoria-enquanto-relaxava-na-praia-mandado-de-prisao-foi-expedido-ha-10-dias\/","title":{"rendered":"Foragido de Caratinga \u00e9 preso em Vit\u00f3ria enquanto relaxava na praia; mandado de pris\u00e3o foi expedido h\u00e1 10 dias"},"content":{"rendered":"\n<p>Um homem de 38 anos, procurado pela Justi\u00e7a de Minas Gerais, foi detido no \u00faltimo final de semana pela Guarda Civil Municipal de Vit\u00f3ria (GCMV). O suspeito, que estava curtindo a praia na Curva da Jurema, foi capturado ap\u00f3s investiga\u00e7\u00f5es realizadas pela Ger\u00eancia de Intelig\u00eancia da GCMV, que localizaram sua posi\u00e7\u00e3o e cumpriram o mandado de pris\u00e3o expedido 10 dias antes. De acordo com informa\u00e7\u00f5es levantadas pela equipe de jornalismo da R\u00e1dio Clube de Inhapim, o foragido estava em regime aberto ap\u00f3s ser condenado por embriaguez ao volante em Caratinga.<\/p>\n\n\n\n<p>O mineiro era procurado pelo crime de embriaguez ao volante, ocorrido na cidade de Caratinga, onde foi condenado e cumpria pena em regime aberto. No entanto, como n\u00e3o respeitou as condi\u00e7\u00f5es impostas pelo regime, teve sua pris\u00e3o decretada pela Justi\u00e7a. Ainda segundo apurado pela equipe da R\u00e1dio Clube de Inhapim, o indiv\u00edduo tentava se esconder em Vit\u00f3ria, aproveitando o clima de f\u00e9rias e o movimento de turistas. Sua pris\u00e3o se deu de forma tranquila, quando a equipe da Guarda Civil conseguiu localizar a sogra do homem, que revelou que ele estava na areia da praia.<\/p>\n\n\n\n<p>Ap\u00f3s ser abordado, o homem foi encaminhado para a Delegacia Regional de Vit\u00f3ria, onde foi apresentado \u00e0s autoridades competentes. A Pol\u00edcia Militar de Vit\u00f3ria confirmou que a captura foi realizada dentro do protocolo, e que ele ser\u00e1 transferido para Minas Gerais, onde cumprir\u00e1 sua pena.<\/p>\n\n\n\n<p>Outros casos:<br>No mesmo dia, a GCMV tamb\u00e9m realizou outra pris\u00e3o. Um jovem de 24 anos foi abordado na Ilha do Pr\u00edncipe, conduzindo uma motocicleta clonada. De acordo com informa\u00e7\u00f5es levantadas pela R\u00e1dio Clube de Inhapim, o suspeito j\u00e1 era conhecido das autoridades, com diversas passagens pela pol\u00edcia, incluindo porte ilegal de arma de fogo, tr\u00e1fico de drogas e corrup\u00e7\u00e3o de menores. O caso foi encaminhado \u00e0 Delegacia de Vit\u00f3ria, onde o suspeito permanece \u00e0 disposi\u00e7\u00e3o das autoridades.&nbsp;<\/p>\n","protected":false},"excerpt":{"rendered":"<p>Um homem de 38 anos, procurado pela Justi\u00e7a de Minas Gerais, foi detido no \u00faltimo final de semana pela Guarda Civil Municipal de Vit\u00f3ria (GCMV). O suspeito, que estava curtindo a praia na Curva da Jurema, foi capturado ap\u00f3s investiga\u00e7\u00f5es realizadas pela Ger\u00eancia de Intelig\u00eancia da GCMV, que localizaram sua posi\u00e7\u00e3o e cumpriram o mandado [&hellip;]<\/p>\n","protected":false},"author":2,"featured_media":3871,"comment_status":"open","ping_status":"open","sticky":false,"template":"","format":"standard","meta":{"footnotes":""},"categories":[5],"tags":[],"class_list":["post-3870","post","type-post","status-publish","format-standard","has-post-thumbnail","hentry","category-noticias"],"wpmagazine_modules_lite_featured_media_urls":{"thumbnail":["http:\/\/radioclubedeinhapim.com.br\/wp-content\/uploads\/2025\/01\/Copia-de-Inserir-um-subtitulo-2025-01-31T105214.399-150x150.jpg",150,150,true],"cvmm-medium":["http:\/\/radioclubedeinhapim.com.br\/wp-content\/uploads\/2025\/01\/Copia-de-Inserir-um-subtitulo-2025-01-31T105214.399-300x300.jpg",300,300,true],"cvmm-medium-plus":["http:\/\/radioclubedeinhapim.com.br\/wp-content\/uploads\/2025\/01\/Copia-de-Inserir-um-subtitulo-2025-01-31T105214.399-305x207.jpg",305,207,true],"cvmm-portrait":["http:\/\/radioclubedeinhapim.com.br\/wp-content\/uploads\/2025\/01\/Copia-de-Inserir-um-subtitulo-2025-01-31T105214.399-400x600.jpg",400,600,true],"cvmm-medium-square":["http:\/\/radioclubedeinhapim.com.br\/wp-content\/uploads\/2025\/01\/Copia-de-Inserir-um-subtitulo-2025-01-31T105214.399-600x600.jpg",600,600,true],"cvmm-large":["http:\/\/radioclubedeinhapim.com.br\/wp-content\/uploads\/2025\/01\/Copia-de-Inserir-um-subtitulo-2025-01-31T105214.399-1024x1024.jpg",1024,1024,true],"cvmm-small":["http:\/\/radioclubedeinhapim.com.br\/wp-content\/uploads\/2025\/01\/Copia-de-Inserir-um-subtitulo-2025-01-31T105214.399-130x95.jpg",130,95,true],"full":["http:\/\/radioclubedeinhapim.com.br\/wp-content\/uploads\/2025\/01\/Copia-de-Inserir-um-subtitulo-2025-01-31T105214.399.jpg",1080,1080,false]},"categories_names":{"5":{"name":"Not\u00edcias","link":"http:\/\/radioclubedeinhapim.com.br\/index.php\/category\/noticias\/"}},"tags_names":[],"comments_number":"0","_links":{"self":[{"href":"http:\/\/radioclubedeinhapim.com.br\/index.php\/wp-json\/wp\/v2\/posts\/3870","targetHints":{"allow":["GET"]}}],"collection":[{"href":"http:\/\/radioclubedeinhapim.com.br\/index.php\/wp-json\/wp\/v2\/posts"}],"about":[{"href":"http:\/\/radioclubedeinhapim.com.br\/index.php\/wp-json\/wp\/v2\/types\/post"}],"author":[{"embeddable":true,"href":"http:\/\/radioclubedeinhapim.com.br\/index.php\/wp-json\/wp\/v2\/users\/2"}],"replies":[{"embeddable":true,"href":"http:\/\/radioclubedeinhapim.com.br\/index.php\/wp-json\/wp\/v2\/comments?post=3870"}],"version-history":[{"count":1,"href":"http:\/\/radioclubedeinhapim.com.br\/index.php\/wp-json\/wp\/v2\/posts\/3870\/revisions"}],"predecessor-version":[{"id":3872,"href":"http:\/\/radioclubedeinhapim.com.br\/index.php\/wp-json\/wp\/v2\/posts\/3870\/revisions\/3872"}],"wp:featuredmedia":[{"embeddable":true,"href":"http:\/\/radioclubedeinhapim.com.br\/index.php\/wp-json\/wp\/v2\/media\/3871"}],"wp:attachment":[{"href":"http:\/\/radioclubedeinhapim.com.br\/index.php\/wp-json\/wp\/v2\/media?parent=3870"}],"wp:term":[{"taxonomy":"category","embeddable":true,"href":"http:\/\/radioclubedeinhapim.com.br\/index.php\/wp-json\/wp\/v2\/categories?post=3870"},{"taxonomy":"post_tag","embeddable":true,"href":"http:\/\/radioclubedeinhapim.com.br\/index.php\/wp-json\/wp\/v2\/tags?post=3870"}],"curies":[{"name":"wp","href":"https:\/\/api.w.org\/{rel}","templated":true}]}}