{"id":3948,"date":"2025-02-07T09:46:26","date_gmt":"2025-02-07T12:46:26","guid":{"rendered":"https:\/\/radioclubedeinhapim.com.br\/?p=3948"},"modified":"2025-02-07T09:46:26","modified_gmt":"2025-02-07T12:46:26","slug":"homem-e-preso-por-furto-a-estabelecimentos-comerciais-em-inhapim","status":"publish","type":"post","link":"http:\/\/radioclubedeinhapim.com.br\/index.php\/2025\/02\/07\/homem-e-preso-por-furto-a-estabelecimentos-comerciais-em-inhapim\/","title":{"rendered":"HOMEM \u00c9 PRESO POR FURTO A ESTABELECIMENTOS COMERCIAIS EM INHAPIM"},"content":{"rendered":"\n<p>Na tarde de quinta-feira (06\/02), a Pol\u00edcia Militar de Minas Gerais, por meio da 288\u00aa Companhia de Inhapim, prendeu em flagrante um homem de 36 anos suspeito de furtar dois estabelecimentos comerciais no centro da cidade. A a\u00e7\u00e3o ocorreu durante a opera\u00e7\u00e3o \u201cPMMG 250 Anos: Pr\u00e9-Carnaval Seguro\u201d.<\/p>\n\n\n\n<p>De acordo com informa\u00e7\u00f5es da PM, o suspeito fugiu em dire\u00e7\u00e3o \u00e0 rodovi\u00e1ria logo ap\u00f3s cometer os crimes. Com rapidez, os <a><\/a>militares iniciaram o rastreamento e conseguiram abordar o indiv\u00edduo, que estava em posse dos itens furtados: uma mochila, roupas e uma garrafa de \u00e1gua.<\/p>\n\n\n\n<p>O homem confessou os furtos e foi conduzido, juntamente com os materiais recuperados, at\u00e9 os locais dos crimes, onde as v\u00edtimas reconheceram os objetos subtra\u00eddos.<\/p>\n\n\n\n<p>Diante dos fatos, o autor foi preso em flagrante e levado para a Delegacia de Pol\u00edcia Civil, onde ficou \u00e0 disposi\u00e7\u00e3o das autoridades para as provid\u00eancias legais.<\/p>\n\n\n\n<p>A Pol\u00edcia Militar refor\u00e7a a import\u00e2ncia da colabora\u00e7\u00e3o da popula\u00e7\u00e3o e segue intensificando as a\u00e7\u00f5es preventivas para garantir a seguran\u00e7a no per\u00edodo que antecede o carnaval.<\/p>\n","protected":false},"excerpt":{"rendered":"<p>Na tarde de quinta-feira (06\/02), a Pol\u00edcia Militar de Minas Gerais, por meio da 288\u00aa Companhia de Inhapim, prendeu em flagrante um homem de 36 anos suspeito de furtar dois estabelecimentos comerciais no centro da cidade. A a\u00e7\u00e3o ocorreu durante a opera\u00e7\u00e3o \u201cPMMG 250 Anos: Pr\u00e9-Carnaval Seguro\u201d. De acordo com informa\u00e7\u00f5es da PM, o suspeito [&hellip;]<\/p>\n","protected":false},"author":2,"featured_media":3949,"comment_status":"open","ping_status":"open","sticky":false,"template":"","format":"standard","meta":{"footnotes":""},"categories":[5],"tags":[],"class_list":["post-3948","post","type-post","status-publish","format-standard","has-post-thumbnail","hentry","category-noticias"],"wpmagazine_modules_lite_featured_media_urls":{"thumbnail":["http:\/\/radioclubedeinhapim.com.br\/wp-content\/uploads\/2025\/02\/Copia-de-Inserir-um-subtitulo-2025-02-07T094122.985-150x150.jpg",150,150,true],"cvmm-medium":["http:\/\/radioclubedeinhapim.com.br\/wp-content\/uploads\/2025\/02\/Copia-de-Inserir-um-subtitulo-2025-02-07T094122.985-300x300.jpg",300,300,true],"cvmm-medium-plus":["http:\/\/radioclubedeinhapim.com.br\/wp-content\/uploads\/2025\/02\/Copia-de-Inserir-um-subtitulo-2025-02-07T094122.985-305x207.jpg",305,207,true],"cvmm-portrait":["http:\/\/radioclubedeinhapim.com.br\/wp-content\/uploads\/2025\/02\/Copia-de-Inserir-um-subtitulo-2025-02-07T094122.985-400x600.jpg",400,600,true],"cvmm-medium-square":["http:\/\/radioclubedeinhapim.com.br\/wp-content\/uploads\/2025\/02\/Copia-de-Inserir-um-subtitulo-2025-02-07T094122.985-600x600.jpg",600,600,true],"cvmm-large":["http:\/\/radioclubedeinhapim.com.br\/wp-content\/uploads\/2025\/02\/Copia-de-Inserir-um-subtitulo-2025-02-07T094122.985-1024x1024.jpg",1024,1024,true],"cvmm-small":["http:\/\/radioclubedeinhapim.com.br\/wp-content\/uploads\/2025\/02\/Copia-de-Inserir-um-subtitulo-2025-02-07T094122.985-130x95.jpg",130,95,true],"full":["http:\/\/radioclubedeinhapim.com.br\/wp-content\/uploads\/2025\/02\/Copia-de-Inserir-um-subtitulo-2025-02-07T094122.985.jpg",1080,1080,false]},"categories_names":{"5":{"name":"Not\u00edcias","link":"http:\/\/radioclubedeinhapim.com.br\/index.php\/category\/noticias\/"}},"tags_names":[],"comments_number":"0","_links":{"self":[{"href":"http:\/\/radioclubedeinhapim.com.br\/index.php\/wp-json\/wp\/v2\/posts\/3948","targetHints":{"allow":["GET"]}}],"collection":[{"href":"http:\/\/radioclubedeinhapim.com.br\/index.php\/wp-json\/wp\/v2\/posts"}],"about":[{"href":"http:\/\/radioclubedeinhapim.com.br\/index.php\/wp-json\/wp\/v2\/types\/post"}],"author":[{"embeddable":true,"href":"http:\/\/radioclubedeinhapim.com.br\/index.php\/wp-json\/wp\/v2\/users\/2"}],"replies":[{"embeddable":true,"href":"http:\/\/radioclubedeinhapim.com.br\/index.php\/wp-json\/wp\/v2\/comments?post=3948"}],"version-history":[{"count":1,"href":"http:\/\/radioclubedeinhapim.com.br\/index.php\/wp-json\/wp\/v2\/posts\/3948\/revisions"}],"predecessor-version":[{"id":3950,"href":"http:\/\/radioclubedeinhapim.com.br\/index.php\/wp-json\/wp\/v2\/posts\/3948\/revisions\/3950"}],"wp:featuredmedia":[{"embeddable":true,"href":"http:\/\/radioclubedeinhapim.com.br\/index.php\/wp-json\/wp\/v2\/media\/3949"}],"wp:attachment":[{"href":"http:\/\/radioclubedeinhapim.com.br\/index.php\/wp-json\/wp\/v2\/media?parent=3948"}],"wp:term":[{"taxonomy":"category","embeddable":true,"href":"http:\/\/radioclubedeinhapim.com.br\/index.php\/wp-json\/wp\/v2\/categories?post=3948"},{"taxonomy":"post_tag","embeddable":true,"href":"http:\/\/radioclubedeinhapim.com.br\/index.php\/wp-json\/wp\/v2\/tags?post=3948"}],"curies":[{"name":"wp","href":"https:\/\/api.w.org\/{rel}","templated":true}]}}