{"id":3951,"date":"2025-02-07T09:54:08","date_gmt":"2025-02-07T12:54:08","guid":{"rendered":"https:\/\/radioclubedeinhapim.com.br\/?p=3951"},"modified":"2025-02-07T09:54:08","modified_gmt":"2025-02-07T12:54:08","slug":"policia-militar-procura-autor-de-homicidio-na-zona-rural-de-caratinga","status":"publish","type":"post","link":"http:\/\/radioclubedeinhapim.com.br\/index.php\/2025\/02\/07\/policia-militar-procura-autor-de-homicidio-na-zona-rural-de-caratinga\/","title":{"rendered":"POL\u00cdCIA MILITAR PROCURA AUTOR DE HOMIC\u00cdDIO NA ZONA RURAL DE CARATINGA"},"content":{"rendered":"\n<p>Na noite de ontem (06\/02), a Pol\u00edcia Militar de Minas Gerais (PMMG), por meio do 62\u00ba Batalh\u00e3o, foi acionada ap\u00f3s receber informa\u00e7\u00f5es sobre um homic\u00eddio no C\u00f3rrego \u00c1gua Santa, zona rural de Caratinga.<\/p>\n\n\n\n<p>A v\u00edtima, um homem de 60 anos, foi encontrada sem vida dentro de uma caminhonete Hilux, alvejada por disparos de arma de fogo.<\/p>\n\n\n\n<p>De acordo com relatos de testemunhas, a v\u00edtima havia deixado uma fazenda conduzindo o ve\u00edculo quando disparos foram ouvidos, seguidos pelo barulho de uma motocicleta em fuga.<\/p>\n\n\n\n<p>A per\u00edcia t\u00e9cnica esteve no local e realizou os procedimentos necess\u00e1rios, liberando o corpo para o servi\u00e7o funer\u00e1rio de plant\u00e3o.<\/p>\n\n\n\n<p>A Pol\u00edcia Militar segue em rastreamento para identificar e prender o autor do crime. As autoridades destacam a import\u00e2ncia da colabora\u00e7\u00e3o da popula\u00e7\u00e3o por meio de den\u00fancias an\u00f4nimas pelo Disque Den\u00fancia 181 ou pelo telefone de emerg\u00eancia 190.<\/p>\n\n\n\n<p>A PM refor\u00e7a que a participa\u00e7\u00e3o da sociedade \u00e9 fundamental para prevenir e combater crimes graves, como homic\u00eddios, tr\u00e1fico de drogas e roubos.<\/p>\n","protected":false},"excerpt":{"rendered":"<p>Na noite de ontem (06\/02), a Pol\u00edcia Militar de Minas Gerais (PMMG), por meio do 62\u00ba Batalh\u00e3o, foi acionada ap\u00f3s receber informa\u00e7\u00f5es sobre um homic\u00eddio no C\u00f3rrego \u00c1gua Santa, zona rural de Caratinga. A v\u00edtima, um homem de 60 anos, foi encontrada sem vida dentro de uma caminhonete Hilux, alvejada por disparos de arma de [&hellip;]<\/p>\n","protected":false},"author":2,"featured_media":3952,"comment_status":"open","ping_status":"open","sticky":false,"template":"","format":"standard","meta":{"footnotes":""},"categories":[5],"tags":[],"class_list":["post-3951","post","type-post","status-publish","format-standard","has-post-thumbnail","hentry","category-noticias"],"wpmagazine_modules_lite_featured_media_urls":{"thumbnail":["http:\/\/radioclubedeinhapim.com.br\/wp-content\/uploads\/2025\/02\/Copia-de-Inserir-um-subtitulo-2025-02-07T095103.988-150x150.jpg",150,150,true],"cvmm-medium":["http:\/\/radioclubedeinhapim.com.br\/wp-content\/uploads\/2025\/02\/Copia-de-Inserir-um-subtitulo-2025-02-07T095103.988-300x300.jpg",300,300,true],"cvmm-medium-plus":["http:\/\/radioclubedeinhapim.com.br\/wp-content\/uploads\/2025\/02\/Copia-de-Inserir-um-subtitulo-2025-02-07T095103.988-305x207.jpg",305,207,true],"cvmm-portrait":["http:\/\/radioclubedeinhapim.com.br\/wp-content\/uploads\/2025\/02\/Copia-de-Inserir-um-subtitulo-2025-02-07T095103.988-400x600.jpg",400,600,true],"cvmm-medium-square":["http:\/\/radioclubedeinhapim.com.br\/wp-content\/uploads\/2025\/02\/Copia-de-Inserir-um-subtitulo-2025-02-07T095103.988-600x600.jpg",600,600,true],"cvmm-large":["http:\/\/radioclubedeinhapim.com.br\/wp-content\/uploads\/2025\/02\/Copia-de-Inserir-um-subtitulo-2025-02-07T095103.988-1024x1024.jpg",1024,1024,true],"cvmm-small":["http:\/\/radioclubedeinhapim.com.br\/wp-content\/uploads\/2025\/02\/Copia-de-Inserir-um-subtitulo-2025-02-07T095103.988-130x95.jpg",130,95,true],"full":["http:\/\/radioclubedeinhapim.com.br\/wp-content\/uploads\/2025\/02\/Copia-de-Inserir-um-subtitulo-2025-02-07T095103.988.jpg",1080,1080,false]},"categories_names":{"5":{"name":"Not\u00edcias","link":"http:\/\/radioclubedeinhapim.com.br\/index.php\/category\/noticias\/"}},"tags_names":[],"comments_number":"0","_links":{"self":[{"href":"http:\/\/radioclubedeinhapim.com.br\/index.php\/wp-json\/wp\/v2\/posts\/3951","targetHints":{"allow":["GET"]}}],"collection":[{"href":"http:\/\/radioclubedeinhapim.com.br\/index.php\/wp-json\/wp\/v2\/posts"}],"about":[{"href":"http:\/\/radioclubedeinhapim.com.br\/index.php\/wp-json\/wp\/v2\/types\/post"}],"author":[{"embeddable":true,"href":"http:\/\/radioclubedeinhapim.com.br\/index.php\/wp-json\/wp\/v2\/users\/2"}],"replies":[{"embeddable":true,"href":"http:\/\/radioclubedeinhapim.com.br\/index.php\/wp-json\/wp\/v2\/comments?post=3951"}],"version-history":[{"count":1,"href":"http:\/\/radioclubedeinhapim.com.br\/index.php\/wp-json\/wp\/v2\/posts\/3951\/revisions"}],"predecessor-version":[{"id":3953,"href":"http:\/\/radioclubedeinhapim.com.br\/index.php\/wp-json\/wp\/v2\/posts\/3951\/revisions\/3953"}],"wp:featuredmedia":[{"embeddable":true,"href":"http:\/\/radioclubedeinhapim.com.br\/index.php\/wp-json\/wp\/v2\/media\/3952"}],"wp:attachment":[{"href":"http:\/\/radioclubedeinhapim.com.br\/index.php\/wp-json\/wp\/v2\/media?parent=3951"}],"wp:term":[{"taxonomy":"category","embeddable":true,"href":"http:\/\/radioclubedeinhapim.com.br\/index.php\/wp-json\/wp\/v2\/categories?post=3951"},{"taxonomy":"post_tag","embeddable":true,"href":"http:\/\/radioclubedeinhapim.com.br\/index.php\/wp-json\/wp\/v2\/tags?post=3951"}],"curies":[{"name":"wp","href":"https:\/\/api.w.org\/{rel}","templated":true}]}}