{"id":3982,"date":"2025-02-11T08:14:53","date_gmt":"2025-02-11T11:14:53","guid":{"rendered":"https:\/\/radioclubedeinhapim.com.br\/?p=3982"},"modified":"2025-02-11T08:14:53","modified_gmt":"2025-02-11T11:14:53","slug":"queda-de-aviao-no-sul-da-bahia-mata-empresario-de-sete-lagoas-mg-e-deixa-piloto-ferido","status":"publish","type":"post","link":"http:\/\/radioclubedeinhapim.com.br\/index.php\/2025\/02\/11\/queda-de-aviao-no-sul-da-bahia-mata-empresario-de-sete-lagoas-mg-e-deixa-piloto-ferido\/","title":{"rendered":"Queda de avi\u00e3o no Sul da Bahia mata empres\u00e1rio de Sete Lagoas (MG) e deixa piloto ferido"},"content":{"rendered":"\n<p>O empres\u00e1rio Fredy Tanos morreu em um acidente a\u00e9reo na tarde dessa segunda-feira (10), na cidade de Prado, no Sul da Bahia. Tanos \u00e9 dono do Laboran\u00e1lise, em Sete Lagoas, regi\u00e3o Central de Minas. A informa\u00e7\u00e3o foi confirmada \u00e0 Itatiaia pelo laborat\u00f3rio.<\/p>\n\n\n\n<p>Tanos estava como passageiro no avi\u00e3o monomotor, prefixo PU-DLG, pilotado pelo diretor da rede de laborat\u00f3rios Gontijo e ex-secret\u00e1rio municipal de Sa\u00fade da cidade de Eun\u00e1polis, M\u00e1rio Gontijo, que tamb\u00e9m \u00e9 propriet\u00e1rio da aeronave. Gontijo foi socorrido e levado para o Hospital Lu\u00eds Eduardo Magalh\u00e3es em Porto Seguro-BA, e n\u00e3o corre risco de morrer. J\u00e1 Tanos ficou n\u00e3o conseguiu sair do avi\u00e3o, que pegou fogo logo ap\u00f3s a queda.<\/p>\n\n\n\n<p>Segundo o Centro de Instru\u00e7\u00e3o de Avia\u00e7\u00e3o Civil (CIAC) da regi\u00e3o, Gontijo era um piloto experiente.<\/p>\n\n\n\n<p>Ainda n\u00e3o h\u00e1 informa\u00e7\u00f5es sobre vel\u00f3rio e enterro do corpo de Fredy Tanos.<\/p>\n","protected":false},"excerpt":{"rendered":"<p>O empres\u00e1rio Fredy Tanos morreu em um acidente a\u00e9reo na tarde dessa segunda-feira (10), na cidade de Prado, no Sul da Bahia. Tanos \u00e9 dono do Laboran\u00e1lise, em Sete Lagoas, regi\u00e3o Central de Minas. A informa\u00e7\u00e3o foi confirmada \u00e0 Itatiaia pelo laborat\u00f3rio. Tanos estava como passageiro no avi\u00e3o monomotor, prefixo PU-DLG, pilotado pelo diretor da [&hellip;]<\/p>\n","protected":false},"author":2,"featured_media":3983,"comment_status":"open","ping_status":"open","sticky":false,"template":"","format":"standard","meta":{"footnotes":""},"categories":[5],"tags":[],"class_list":["post-3982","post","type-post","status-publish","format-standard","has-post-thumbnail","hentry","category-noticias"],"wpmagazine_modules_lite_featured_media_urls":{"thumbnail":["http:\/\/radioclubedeinhapim.com.br\/wp-content\/uploads\/2025\/02\/Copia-de-Inserir-um-subtitulo-2025-02-11T081522.898-150x150.jpg",150,150,true],"cvmm-medium":["http:\/\/radioclubedeinhapim.com.br\/wp-content\/uploads\/2025\/02\/Copia-de-Inserir-um-subtitulo-2025-02-11T081522.898-300x300.jpg",300,300,true],"cvmm-medium-plus":["http:\/\/radioclubedeinhapim.com.br\/wp-content\/uploads\/2025\/02\/Copia-de-Inserir-um-subtitulo-2025-02-11T081522.898-305x207.jpg",305,207,true],"cvmm-portrait":["http:\/\/radioclubedeinhapim.com.br\/wp-content\/uploads\/2025\/02\/Copia-de-Inserir-um-subtitulo-2025-02-11T081522.898-400x600.jpg",400,600,true],"cvmm-medium-square":["http:\/\/radioclubedeinhapim.com.br\/wp-content\/uploads\/2025\/02\/Copia-de-Inserir-um-subtitulo-2025-02-11T081522.898-600x600.jpg",600,600,true],"cvmm-large":["http:\/\/radioclubedeinhapim.com.br\/wp-content\/uploads\/2025\/02\/Copia-de-Inserir-um-subtitulo-2025-02-11T081522.898-1024x1024.jpg",1024,1024,true],"cvmm-small":["http:\/\/radioclubedeinhapim.com.br\/wp-content\/uploads\/2025\/02\/Copia-de-Inserir-um-subtitulo-2025-02-11T081522.898-130x95.jpg",130,95,true],"full":["http:\/\/radioclubedeinhapim.com.br\/wp-content\/uploads\/2025\/02\/Copia-de-Inserir-um-subtitulo-2025-02-11T081522.898.jpg",1080,1080,false]},"categories_names":{"5":{"name":"Not\u00edcias","link":"http:\/\/radioclubedeinhapim.com.br\/index.php\/category\/noticias\/"}},"tags_names":[],"comments_number":"0","_links":{"self":[{"href":"http:\/\/radioclubedeinhapim.com.br\/index.php\/wp-json\/wp\/v2\/posts\/3982","targetHints":{"allow":["GET"]}}],"collection":[{"href":"http:\/\/radioclubedeinhapim.com.br\/index.php\/wp-json\/wp\/v2\/posts"}],"about":[{"href":"http:\/\/radioclubedeinhapim.com.br\/index.php\/wp-json\/wp\/v2\/types\/post"}],"author":[{"embeddable":true,"href":"http:\/\/radioclubedeinhapim.com.br\/index.php\/wp-json\/wp\/v2\/users\/2"}],"replies":[{"embeddable":true,"href":"http:\/\/radioclubedeinhapim.com.br\/index.php\/wp-json\/wp\/v2\/comments?post=3982"}],"version-history":[{"count":1,"href":"http:\/\/radioclubedeinhapim.com.br\/index.php\/wp-json\/wp\/v2\/posts\/3982\/revisions"}],"predecessor-version":[{"id":3984,"href":"http:\/\/radioclubedeinhapim.com.br\/index.php\/wp-json\/wp\/v2\/posts\/3982\/revisions\/3984"}],"wp:featuredmedia":[{"embeddable":true,"href":"http:\/\/radioclubedeinhapim.com.br\/index.php\/wp-json\/wp\/v2\/media\/3983"}],"wp:attachment":[{"href":"http:\/\/radioclubedeinhapim.com.br\/index.php\/wp-json\/wp\/v2\/media?parent=3982"}],"wp:term":[{"taxonomy":"category","embeddable":true,"href":"http:\/\/radioclubedeinhapim.com.br\/index.php\/wp-json\/wp\/v2\/categories?post=3982"},{"taxonomy":"post_tag","embeddable":true,"href":"http:\/\/radioclubedeinhapim.com.br\/index.php\/wp-json\/wp\/v2\/tags?post=3982"}],"curies":[{"name":"wp","href":"https:\/\/api.w.org\/{rel}","templated":true}]}}