{"id":4151,"date":"2025-02-19T12:50:32","date_gmt":"2025-02-19T15:50:32","guid":{"rendered":"https:\/\/radioclubedeinhapim.com.br\/?p=4151"},"modified":"2025-02-19T12:50:32","modified_gmt":"2025-02-19T15:50:32","slug":"lavrador-morre-apos-colisao-entre-motocicleta-e-caminhonete-na-br-262","status":"publish","type":"post","link":"http:\/\/radioclubedeinhapim.com.br\/index.php\/2025\/02\/19\/lavrador-morre-apos-colisao-entre-motocicleta-e-caminhonete-na-br-262\/","title":{"rendered":"Lavrador morre ap\u00f3s colis\u00e3o entre motocicleta e caminhonete na BR-262"},"content":{"rendered":"\n<p>Um acidente fatal foi registrado na noite desta ter\u00e7a-feira (18\/02), no km 58 da BR-262, na regi\u00e3o de Santo Amaro de Minas, distrito de Manhua\u00e7u. A v\u00edtima, identificada como Caetano Alves de Freitas, de 67 anos, era lavrador e morador de Caputira.<\/p>\n\n\n\n<p>De acordo com a Pol\u00edcia Rodovi\u00e1ria Federal (PRF), a motocicleta conduzida por Caetano saiu de uma estrada de terra e tentou cruzar a rodovia, quando foi atingida lateralmente por uma caminhonete VW Amarok, que seguia no sentido ao trevo de Santa Margarida. Com o impacto, o motociclista foi lan\u00e7ado a cerca de 40 metros do ponto da colis\u00e3o.<\/p>\n\n\n\n<p>O PRF Leonardo Heringer explicou como ocorreu o acidente e fez um alerta para os motoristas que trafegam pela rodovia. \u201cInfelizmente, a PRF registrou mais um acidente com v\u00edtima fatal na nossa regi\u00e3o de Manhua\u00e7u. Uma motocicleta saiu de uma estrada de terra e acessou a BR-262. No momento em que sa\u00eda dessa estrada, uma caminhonete colidiu contra a motocicleta. O condutor n\u00e3o sobreviveu. A gente gostaria de aproveitar mais uma vez e trazer um alerta a todos os usu\u00e1rios da BR-262, assim como da BR-116, sobre os cuidados ao cruzar as rodovias, a presen\u00e7a de outros ve\u00edculos, para que esses eventos tr\u00e1gicos n\u00e3o ocorram.\u201d<\/p>\n\n\n\n<p>A Per\u00edcia da Pol\u00edcia Civil realizou os levantamentos no local para apurar as circunst\u00e2ncias do acidente. A PRF adotou as demais provid\u00eancias cab\u00edveis.&nbsp;<\/p>\n","protected":false},"excerpt":{"rendered":"<p>Um acidente fatal foi registrado na noite desta ter\u00e7a-feira (18\/02), no km 58 da BR-262, na regi\u00e3o de Santo Amaro de Minas, distrito de Manhua\u00e7u. A v\u00edtima, identificada como Caetano Alves de Freitas, de 67 anos, era lavrador e morador de Caputira. De acordo com a Pol\u00edcia Rodovi\u00e1ria Federal (PRF), a motocicleta conduzida por Caetano [&hellip;]<\/p>\n","protected":false},"author":2,"featured_media":4152,"comment_status":"open","ping_status":"open","sticky":false,"template":"","format":"standard","meta":{"footnotes":""},"categories":[5],"tags":[],"class_list":["post-4151","post","type-post","status-publish","format-standard","has-post-thumbnail","hentry","category-noticias"],"wpmagazine_modules_lite_featured_media_urls":{"thumbnail":["http:\/\/radioclubedeinhapim.com.br\/wp-content\/uploads\/2025\/02\/480936590_1453539795645056_5186583611532590845_n-150x150.jpg",150,150,true],"cvmm-medium":["http:\/\/radioclubedeinhapim.com.br\/wp-content\/uploads\/2025\/02\/480936590_1453539795645056_5186583611532590845_n-300x300.jpg",300,300,true],"cvmm-medium-plus":["http:\/\/radioclubedeinhapim.com.br\/wp-content\/uploads\/2025\/02\/480936590_1453539795645056_5186583611532590845_n-305x207.jpg",305,207,true],"cvmm-portrait":["http:\/\/radioclubedeinhapim.com.br\/wp-content\/uploads\/2025\/02\/480936590_1453539795645056_5186583611532590845_n-400x600.jpg",400,600,true],"cvmm-medium-square":["http:\/\/radioclubedeinhapim.com.br\/wp-content\/uploads\/2025\/02\/480936590_1453539795645056_5186583611532590845_n-600x600.jpg",600,600,true],"cvmm-large":["http:\/\/radioclubedeinhapim.com.br\/wp-content\/uploads\/2025\/02\/480936590_1453539795645056_5186583611532590845_n-1024x1024.jpg",1024,1024,true],"cvmm-small":["http:\/\/radioclubedeinhapim.com.br\/wp-content\/uploads\/2025\/02\/480936590_1453539795645056_5186583611532590845_n-130x95.jpg",130,95,true],"full":["http:\/\/radioclubedeinhapim.com.br\/wp-content\/uploads\/2025\/02\/480936590_1453539795645056_5186583611532590845_n.jpg",1080,1080,false]},"categories_names":{"5":{"name":"Not\u00edcias","link":"http:\/\/radioclubedeinhapim.com.br\/index.php\/category\/noticias\/"}},"tags_names":[],"comments_number":"0","_links":{"self":[{"href":"http:\/\/radioclubedeinhapim.com.br\/index.php\/wp-json\/wp\/v2\/posts\/4151","targetHints":{"allow":["GET"]}}],"collection":[{"href":"http:\/\/radioclubedeinhapim.com.br\/index.php\/wp-json\/wp\/v2\/posts"}],"about":[{"href":"http:\/\/radioclubedeinhapim.com.br\/index.php\/wp-json\/wp\/v2\/types\/post"}],"author":[{"embeddable":true,"href":"http:\/\/radioclubedeinhapim.com.br\/index.php\/wp-json\/wp\/v2\/users\/2"}],"replies":[{"embeddable":true,"href":"http:\/\/radioclubedeinhapim.com.br\/index.php\/wp-json\/wp\/v2\/comments?post=4151"}],"version-history":[{"count":1,"href":"http:\/\/radioclubedeinhapim.com.br\/index.php\/wp-json\/wp\/v2\/posts\/4151\/revisions"}],"predecessor-version":[{"id":4153,"href":"http:\/\/radioclubedeinhapim.com.br\/index.php\/wp-json\/wp\/v2\/posts\/4151\/revisions\/4153"}],"wp:featuredmedia":[{"embeddable":true,"href":"http:\/\/radioclubedeinhapim.com.br\/index.php\/wp-json\/wp\/v2\/media\/4152"}],"wp:attachment":[{"href":"http:\/\/radioclubedeinhapim.com.br\/index.php\/wp-json\/wp\/v2\/media?parent=4151"}],"wp:term":[{"taxonomy":"category","embeddable":true,"href":"http:\/\/radioclubedeinhapim.com.br\/index.php\/wp-json\/wp\/v2\/categories?post=4151"},{"taxonomy":"post_tag","embeddable":true,"href":"http:\/\/radioclubedeinhapim.com.br\/index.php\/wp-json\/wp\/v2\/tags?post=4151"}],"curies":[{"name":"wp","href":"https:\/\/api.w.org\/{rel}","templated":true}]}}