{"id":4238,"date":"2025-02-26T17:10:55","date_gmt":"2025-02-26T20:10:55","guid":{"rendered":"https:\/\/radioclubedeinhapim.com.br\/?p=4238"},"modified":"2025-02-26T17:10:55","modified_gmt":"2025-02-26T20:10:55","slug":"homem-e-condenado-a-8-anos-de-reclusao-por-estupro-cometido-em-sao-tome-zona-rural-de-inhapim","status":"publish","type":"post","link":"http:\/\/radioclubedeinhapim.com.br\/index.php\/2025\/02\/26\/homem-e-condenado-a-8-anos-de-reclusao-por-estupro-cometido-em-sao-tome-zona-rural-de-inhapim\/","title":{"rendered":"Homem \u00e9 condenado a 8 anos de reclus\u00e3o por estupro cometido em S\u00e3o Tom\u00e9, zona rural de Inhapim"},"content":{"rendered":"\n<p>O Minist\u00e9rio P\u00fablico de Minas Gerais, representado pelo Promotor de Justi\u00e7a Jonas Junio Linhares Costa Monteiro, da 2\u00aa Promotoria de Justi\u00e7a de Inhapim, solicitou a divulga\u00e7\u00e3o institucional da senten\u00e7a proferida pela 1\u00aa Vara C\u00edvel, Criminal e de Execu\u00e7\u00f5es Penais da Comarca de Inhapim.<\/p>\n\n\n\n<p>O caso, que ocorreu no Distrito de S\u00e3o Tom\u00e9, Zona Rural de Inhapim\/MG, envolve um crime de estupro <a><\/a>cometido em 20 de setembro de 2023.<\/p>\n\n\n\n<p>Segundo a den\u00fancia, por volta das 8h daquele dia, o sentenciado constrangeu a v\u00edtima a praticar conjun\u00e7\u00e3o carnal mediante viol\u00eancia, conforme atestado em laudo pericial. Al\u00e9m disso, o r\u00e9u tentou persuadir a v\u00edtima a retirar a queixa, demonstrando clara inten\u00e7\u00e3o de evitar a responsabiliza\u00e7\u00e3o penal. A senten\u00e7a, proferida pela Justi\u00e7a, condenou o acusado a 8 anos de reclus\u00e3o em regime fechado, mantendo sua pris\u00e3o preventiva. O sentenciado tamb\u00e9m teve negado o direito de recorrer em liberdade, uma vez que sua soltura representaria risco \u00e0 v\u00edtima.<\/p>\n\n\n\n<p>O MP destacou que as provas apresentadas durante o processo eram robustas e suficientes para a condena\u00e7\u00e3o. Durante a audi\u00eancia, fatos revelados levaram \u00e0 den\u00fancia do sentenciado em outra a\u00e7\u00e3o penal por estupro de vulner\u00e1vel, que ser\u00e1 julgada em breve na Comarca de Inhapim. Isso refor\u00e7a a gravidade do caso e a necessidade de manter o acusado preso para evitar novos crimes.<\/p>\n\n\n\n<p>Para o Promotor de Justi\u00e7a Jonas Junio Linhares Costa Monteiro, a decis\u00e3o judicial reflete o compromisso do Minist\u00e9rio P\u00fablico com a prote\u00e7\u00e3o das v\u00edtimas e a puni\u00e7\u00e3o exemplar de crimes graves. \u201cA manuten\u00e7\u00e3o da pris\u00e3o preventiva e a condena\u00e7\u00e3o em regime fechado s\u00e3o medidas essenciais para garantir a seguran\u00e7a da v\u00edtima e prevenir novos delitos. A Justi\u00e7a precisa ser firme e proporcional \u00e0 gravidade dos crimes cometidos\u201d, afirmou.<\/p>\n\n\n\n<p>O caso ocorrido em S\u00e3o Tom\u00e9 serve como um exemplo da atua\u00e7\u00e3o firme do Minist\u00e9rio P\u00fablico na defesa dos direitos das v\u00edtimas e na garantia de que crimes como o estupro n\u00e3o fiquem impunes.<\/p>\n","protected":false},"excerpt":{"rendered":"<p>O Minist\u00e9rio P\u00fablico de Minas Gerais, representado pelo Promotor de Justi\u00e7a Jonas Junio Linhares Costa Monteiro, da 2\u00aa Promotoria de Justi\u00e7a de Inhapim, solicitou a divulga\u00e7\u00e3o institucional da senten\u00e7a proferida pela 1\u00aa Vara C\u00edvel, Criminal e de Execu\u00e7\u00f5es Penais da Comarca de Inhapim. O caso, que ocorreu no Distrito de S\u00e3o Tom\u00e9, Zona Rural de [&hellip;]<\/p>\n","protected":false},"author":2,"featured_media":4239,"comment_status":"open","ping_status":"open","sticky":false,"template":"","format":"standard","meta":{"footnotes":""},"categories":[5],"tags":[],"class_list":["post-4238","post","type-post","status-publish","format-standard","has-post-thumbnail","hentry","category-noticias"],"wpmagazine_modules_lite_featured_media_urls":{"thumbnail":["http:\/\/radioclubedeinhapim.com.br\/wp-content\/uploads\/2025\/02\/Copia-de-Inserir-um-subtitulo-2-3-150x150.jpg",150,150,true],"cvmm-medium":["http:\/\/radioclubedeinhapim.com.br\/wp-content\/uploads\/2025\/02\/Copia-de-Inserir-um-subtitulo-2-3-300x300.jpg",300,300,true],"cvmm-medium-plus":["http:\/\/radioclubedeinhapim.com.br\/wp-content\/uploads\/2025\/02\/Copia-de-Inserir-um-subtitulo-2-3-305x207.jpg",305,207,true],"cvmm-portrait":["http:\/\/radioclubedeinhapim.com.br\/wp-content\/uploads\/2025\/02\/Copia-de-Inserir-um-subtitulo-2-3-400x600.jpg",400,600,true],"cvmm-medium-square":["http:\/\/radioclubedeinhapim.com.br\/wp-content\/uploads\/2025\/02\/Copia-de-Inserir-um-subtitulo-2-3-600x600.jpg",600,600,true],"cvmm-large":["http:\/\/radioclubedeinhapim.com.br\/wp-content\/uploads\/2025\/02\/Copia-de-Inserir-um-subtitulo-2-3-1024x1024.jpg",1024,1024,true],"cvmm-small":["http:\/\/radioclubedeinhapim.com.br\/wp-content\/uploads\/2025\/02\/Copia-de-Inserir-um-subtitulo-2-3-130x95.jpg",130,95,true],"full":["http:\/\/radioclubedeinhapim.com.br\/wp-content\/uploads\/2025\/02\/Copia-de-Inserir-um-subtitulo-2-3.jpg",1080,1080,false]},"categories_names":{"5":{"name":"Not\u00edcias","link":"http:\/\/radioclubedeinhapim.com.br\/index.php\/category\/noticias\/"}},"tags_names":[],"comments_number":"0","_links":{"self":[{"href":"http:\/\/radioclubedeinhapim.com.br\/index.php\/wp-json\/wp\/v2\/posts\/4238","targetHints":{"allow":["GET"]}}],"collection":[{"href":"http:\/\/radioclubedeinhapim.com.br\/index.php\/wp-json\/wp\/v2\/posts"}],"about":[{"href":"http:\/\/radioclubedeinhapim.com.br\/index.php\/wp-json\/wp\/v2\/types\/post"}],"author":[{"embeddable":true,"href":"http:\/\/radioclubedeinhapim.com.br\/index.php\/wp-json\/wp\/v2\/users\/2"}],"replies":[{"embeddable":true,"href":"http:\/\/radioclubedeinhapim.com.br\/index.php\/wp-json\/wp\/v2\/comments?post=4238"}],"version-history":[{"count":1,"href":"http:\/\/radioclubedeinhapim.com.br\/index.php\/wp-json\/wp\/v2\/posts\/4238\/revisions"}],"predecessor-version":[{"id":4240,"href":"http:\/\/radioclubedeinhapim.com.br\/index.php\/wp-json\/wp\/v2\/posts\/4238\/revisions\/4240"}],"wp:featuredmedia":[{"embeddable":true,"href":"http:\/\/radioclubedeinhapim.com.br\/index.php\/wp-json\/wp\/v2\/media\/4239"}],"wp:attachment":[{"href":"http:\/\/radioclubedeinhapim.com.br\/index.php\/wp-json\/wp\/v2\/media?parent=4238"}],"wp:term":[{"taxonomy":"category","embeddable":true,"href":"http:\/\/radioclubedeinhapim.com.br\/index.php\/wp-json\/wp\/v2\/categories?post=4238"},{"taxonomy":"post_tag","embeddable":true,"href":"http:\/\/radioclubedeinhapim.com.br\/index.php\/wp-json\/wp\/v2\/tags?post=4238"}],"curies":[{"name":"wp","href":"https:\/\/api.w.org\/{rel}","templated":true}]}}