{"id":4272,"date":"2025-03-03T11:18:02","date_gmt":"2025-03-03T14:18:02","guid":{"rendered":"https:\/\/radioclubedeinhapim.com.br\/?p=4272"},"modified":"2025-03-03T11:18:02","modified_gmt":"2025-03-03T14:18:02","slug":"mulher-e-presa-por-homicidio-apos-desentendimento-com-companheiro-em-caratinga","status":"publish","type":"post","link":"http:\/\/radioclubedeinhapim.com.br\/index.php\/2025\/03\/03\/mulher-e-presa-por-homicidio-apos-desentendimento-com-companheiro-em-caratinga\/","title":{"rendered":"Mulher \u00e9 presa por homic\u00eddio ap\u00f3s desentendimento com companheiro em Caratinga"},"content":{"rendered":"\n<p>Na madrugada desta segunda-feira (3), um homem de 49 anos foi morto a facadas no bairro Esplanada, em Caratinga (MG). A suspeita do crime \u00e9 sua companheira, uma mulher de 57 anos, que foi presa pouco tempo depois na pra\u00e7a da Igreja Matriz do bairro.<\/p>\n\n\n\n<p>Segundo a Pol\u00edcia Militar, o crime foi denunciado pelo pr\u00f3prio filho da autora, que acionou o 190 relatando que sua m\u00e3e havia matado o companheiro ap\u00f3s <a><\/a>uma discuss\u00e3o. O jovem afirmou que o casal vivia em constantes desentendimentos.<\/p>\n\n\n\n<p>Ao chegarem ao local, os policiais encontraram a v\u00edtima ca\u00edda ao solo, com ferimentos e suja de sangue. O Servi\u00e7o de Atendimento M\u00f3vel de Urg\u00eancia (Samu) foi acionado e confirmou o \u00f3bito. A per\u00edcia t\u00e9cnica recolheu materiais gen\u00e9ticos e a faca usada no crime, que foi localizada posteriormente na casa do filho da suspeita.<\/p>\n\n\n\n<p>Em depoimento, a mulher afirmou que a briga come\u00e7ou ap\u00f3s suspeitas de trai\u00e7\u00e3o e que, durante o desentendimento, foi agredida e amea\u00e7ada de morte pelo companheiro. Temendo por sua seguran\u00e7a, buscou uma faca na casa do filho, retornou ao local e, ao encontrar a v\u00edtima deitada, desferiu um golpe fatal no pesco\u00e7o.<\/p>\n\n\n\n<p>Durante o atendimento da ocorr\u00eancia, a pol\u00edcia constatou que o filho da suspeita possu\u00eda um mandado de pris\u00e3o em aberto por pens\u00e3o aliment\u00edcia. Assim, tanto a mulher quanto o jovem foram conduzidos \u00e0 Delegacia de Pol\u00edcia Civil para as provid\u00eancias cab\u00edveis.<\/p>\n","protected":false},"excerpt":{"rendered":"<p>Na madrugada desta segunda-feira (3), um homem de 49 anos foi morto a facadas no bairro Esplanada, em Caratinga (MG). A suspeita do crime \u00e9 sua companheira, uma mulher de 57 anos, que foi presa pouco tempo depois na pra\u00e7a da Igreja Matriz do bairro. Segundo a Pol\u00edcia Militar, o crime foi denunciado pelo pr\u00f3prio [&hellip;]<\/p>\n","protected":false},"author":2,"featured_media":4273,"comment_status":"open","ping_status":"open","sticky":false,"template":"","format":"standard","meta":{"footnotes":""},"categories":[5],"tags":[],"class_list":["post-4272","post","type-post","status-publish","format-standard","has-post-thumbnail","hentry","category-noticias"],"wpmagazine_modules_lite_featured_media_urls":{"thumbnail":["http:\/\/radioclubedeinhapim.com.br\/wp-content\/uploads\/2025\/03\/Copia-de-Inserir-um-subtitulo-2025-03-03T111724.137-150x150.jpg",150,150,true],"cvmm-medium":["http:\/\/radioclubedeinhapim.com.br\/wp-content\/uploads\/2025\/03\/Copia-de-Inserir-um-subtitulo-2025-03-03T111724.137-300x300.jpg",300,300,true],"cvmm-medium-plus":["http:\/\/radioclubedeinhapim.com.br\/wp-content\/uploads\/2025\/03\/Copia-de-Inserir-um-subtitulo-2025-03-03T111724.137-305x207.jpg",305,207,true],"cvmm-portrait":["http:\/\/radioclubedeinhapim.com.br\/wp-content\/uploads\/2025\/03\/Copia-de-Inserir-um-subtitulo-2025-03-03T111724.137-400x600.jpg",400,600,true],"cvmm-medium-square":["http:\/\/radioclubedeinhapim.com.br\/wp-content\/uploads\/2025\/03\/Copia-de-Inserir-um-subtitulo-2025-03-03T111724.137-600x600.jpg",600,600,true],"cvmm-large":["http:\/\/radioclubedeinhapim.com.br\/wp-content\/uploads\/2025\/03\/Copia-de-Inserir-um-subtitulo-2025-03-03T111724.137-1024x1024.jpg",1024,1024,true],"cvmm-small":["http:\/\/radioclubedeinhapim.com.br\/wp-content\/uploads\/2025\/03\/Copia-de-Inserir-um-subtitulo-2025-03-03T111724.137-130x95.jpg",130,95,true],"full":["http:\/\/radioclubedeinhapim.com.br\/wp-content\/uploads\/2025\/03\/Copia-de-Inserir-um-subtitulo-2025-03-03T111724.137.jpg",1080,1080,false]},"categories_names":{"5":{"name":"Not\u00edcias","link":"http:\/\/radioclubedeinhapim.com.br\/index.php\/category\/noticias\/"}},"tags_names":[],"comments_number":"0","_links":{"self":[{"href":"http:\/\/radioclubedeinhapim.com.br\/index.php\/wp-json\/wp\/v2\/posts\/4272","targetHints":{"allow":["GET"]}}],"collection":[{"href":"http:\/\/radioclubedeinhapim.com.br\/index.php\/wp-json\/wp\/v2\/posts"}],"about":[{"href":"http:\/\/radioclubedeinhapim.com.br\/index.php\/wp-json\/wp\/v2\/types\/post"}],"author":[{"embeddable":true,"href":"http:\/\/radioclubedeinhapim.com.br\/index.php\/wp-json\/wp\/v2\/users\/2"}],"replies":[{"embeddable":true,"href":"http:\/\/radioclubedeinhapim.com.br\/index.php\/wp-json\/wp\/v2\/comments?post=4272"}],"version-history":[{"count":1,"href":"http:\/\/radioclubedeinhapim.com.br\/index.php\/wp-json\/wp\/v2\/posts\/4272\/revisions"}],"predecessor-version":[{"id":4274,"href":"http:\/\/radioclubedeinhapim.com.br\/index.php\/wp-json\/wp\/v2\/posts\/4272\/revisions\/4274"}],"wp:featuredmedia":[{"embeddable":true,"href":"http:\/\/radioclubedeinhapim.com.br\/index.php\/wp-json\/wp\/v2\/media\/4273"}],"wp:attachment":[{"href":"http:\/\/radioclubedeinhapim.com.br\/index.php\/wp-json\/wp\/v2\/media?parent=4272"}],"wp:term":[{"taxonomy":"category","embeddable":true,"href":"http:\/\/radioclubedeinhapim.com.br\/index.php\/wp-json\/wp\/v2\/categories?post=4272"},{"taxonomy":"post_tag","embeddable":true,"href":"http:\/\/radioclubedeinhapim.com.br\/index.php\/wp-json\/wp\/v2\/tags?post=4272"}],"curies":[{"name":"wp","href":"https:\/\/api.w.org\/{rel}","templated":true}]}}