{"id":4352,"date":"2025-03-11T09:23:31","date_gmt":"2025-03-11T12:23:31","guid":{"rendered":"https:\/\/radioclubedeinhapim.com.br\/?p=4352"},"modified":"2025-03-11T09:23:31","modified_gmt":"2025-03-11T12:23:31","slug":"camara-de-caratinga-recebe-tres-denuncias-de-supostas-irregularidades-contra-o-governo-do-prefeito-dr-giovanni-correa-da-silva","status":"publish","type":"post","link":"http:\/\/radioclubedeinhapim.com.br\/index.php\/2025\/03\/11\/camara-de-caratinga-recebe-tres-denuncias-de-supostas-irregularidades-contra-o-governo-do-prefeito-dr-giovanni-correa-da-silva\/","title":{"rendered":"C\u00e2mara de Caratinga recebe tr\u00eas den\u00fancias de supostas irregularidades contra o governo do prefeito Dr. Giovanni Corr\u00eaa da Silva"},"content":{"rendered":"\n<p>Na noite desta segunda-feira (10), a C\u00e2mara Municipal de Caratinga acatou tr\u00eas den\u00fancias contra o governo do prefeito Giovanni Corr\u00eaa da Silva. Com exce\u00e7\u00e3o do vereador Carlindo, que se absteve, e do presidente Cleider Costa, que s\u00f3 vota em caso de empate, os demais 15 vereadores aprovaram a forma\u00e7\u00e3o de tr\u00eas Comiss\u00f5es Parlamentares Processantes <a><\/a>(CPPs).<\/p>\n\n\n\n<p>As den\u00fancias envolvem contrata\u00e7\u00f5es da Prefeitura, incluindo a retirada de um edital do site oficial, falta de publicidade e a contrata\u00e7\u00e3o de uma cooperativa de transporte.<\/p>\n\n\n\n<p>Os investigados ser\u00e3o notificados em at\u00e9 cinco dias e ter\u00e3o 10 dias para apresentar defesa pr\u00e9via e indicar testemunhas. A Comiss\u00e3o poder\u00e1 arquivar ou prosseguir com a investiga\u00e7\u00e3o, que inclui audi\u00e7\u00e3o de testemunhas e coleta de provas. O processo termina com uma sess\u00e3o de julgamento.<\/p>\n\n\n\n<p>CPP 1<\/p>\n\n\n\n<p>Denunciados: Prefeito Giovanni Corr\u00eaa da Silva, procurador-geral Lu\u00eds Coelho da Silva e secret\u00e1ria Fernanda Dimonna\u00ea de Lima Oliveira.<\/p>\n\n\n\n<p>Acusa\u00e7\u00e3o: Poss\u00edveis irregularidades no Edital do Concurso de Projetos n\u00ba 001\/2025, incluindo retirada do edital do portal da prefeitura, falta de publicidade e favorecimento a uma empresa.<\/p>\n\n\n\n<p>CPP 2<\/p>\n\n\n\n<p>Denunciados: Prefeito Giovanni Corr\u00eaa da Silva, secret\u00e1ria Fernanda Dimonna\u00ea de Lima Oliveira e procurador-geral Lu\u00eds Coelho da Silva Junior.<\/p>\n\n\n\n<p>Acusa\u00e7\u00e3o: Favorecimento a uma cooperativa de transporte em contrata\u00e7\u00e3o sem licita\u00e7\u00e3o, no valor de R$ 20.547.180,00. O assessor do Executivo I, Fl\u00e1vio Ara\u00fajo Pacheco da Silveira, \u00e9 procurador da cooperativa beneficiada.<\/p>\n\n\n\n<p>CPP 3<\/p>\n\n\n\n<p>Denunciados: Prefeito Giovanni Corr\u00eaa da Silva, secret\u00e1ria Fernanda Dimonna\u00ea de Lima Oliveira, procurador-geral Lu\u00eds Coelho da Silva Junior e assessor Fl\u00e1vio Ara\u00fajo Pacheco da Silveira.<\/p>\n\n\n\n<p>Acusa\u00e7\u00e3o: Suposto favorecimento \u00e0 OSCIP Universo A\u00e7\u00e3o e Desenvolvimento em processos licitat\u00f3rios.<\/p>\n\n\n\n<p>Com as investiga\u00e7\u00f5es em andamento, o clima pol\u00edtico se intensifica. O governo municipal ainda n\u00e3o se manifestou, enquanto a oposi\u00e7\u00e3o j\u00e1 trata o caso como um poss\u00edvel caminho para o afastamento do prefeito. A popula\u00e7\u00e3o aguarda os desdobramentos.<\/p>\n\n\n\n<p><a href=\"https:\/\/www.facebook.com\/photo\/?fbid=1470061927326176&amp;set=a.814962612836114&amp;__cft__[0]=AZUt15_eOqTNrDiF8_3SAEDFsMUhL228HM11bJ8jn-IDN0UMu4I0aTk_Q9I-MmNvPVpbZxWTjqd0sg6HCjE16PEjBqNNRMNtzgXpur3IR09TJrPvoEZGVmGGMjLbg3HUT-UL-Pp1pB5fiQIQ6ZLzfKCoP03WNZhgXD0DT9KSA-mX9FInraAntRts130z5eI7oWY&amp;__tn__=EH-R\"><\/a><\/p>\n\n\n\n<figure class=\"wp-block-image\"><a href=\"https:\/\/www.facebook.com\/photo\/?fbid=1470061927326176&amp;set=a.814962612836114&amp;__cft__[0]=AZUt15_eOqTNrDiF8_3SAEDFsMUhL228HM11bJ8jn-IDN0UMu4I0aTk_Q9I-MmNvPVpbZxWTjqd0sg6HCjE16PEjBqNNRMNtzgXpur3IR09TJrPvoEZGVmGGMjLbg3HUT-UL-Pp1pB5fiQIQ6ZLzfKCoP03WNZhgXD0DT9KSA-mX9FInraAntRts130z5eI7oWY&amp;__tn__=EH-R\"><img decoding=\"async\" src=\"https:\/\/scontent.fgvr3-1.fna.fbcdn.net\/v\/t39.30808-6\/483670656_1470061930659509_3314798843696668687_n.jpg?stp=dst-jpg_s600x600_tt6&amp;_nc_cat=107&amp;ccb=1-7&amp;_nc_sid=127cfc&amp;_nc_ohc=m44ENG79MngQ7kNvgFZRnts&amp;_nc_oc=Adj0HWntzNG6rvWBHGAQUisCRqBYUyoZ7_weezs-jFRmXi-5sH4nLxgO31j_OvQOlPw&amp;_nc_zt=23&amp;_nc_ht=scontent.fgvr3-1.fna&amp;_nc_gid=AavJR19URdmkJNMpTxEpZnN&amp;oh=00_AYEjYqybflW494DVaR6lOoSi8zWJ_JoHk9K6YE-CcriqBg&amp;oe=67D60523\" alt=\"Pode ser uma imagem de 1 pessoa e texto que diz &quot;C\u00c2MARA DE CARATINGA RECEBE TR\u00caS DEN\u00daNCIAS DE SUPOSTAS IRREGULARIDADES CONTRA O GOVERNO DO PREFEITO DR. GIOVANNI CENTRO ADMINISTRATIVO MUNICIPAL \u0e28\u0e34\u0e23\u0e29\u0e23\u0e31\u0e1a\u0e35\u0e42\u0e17 clube 4\u756a\u3092\u304b IMAGEM: :\/. REPRODU\u00c7\u00c3O\/ DIVULGA\u00c7\u00c3O \u09eb clube r\u00e1dio&quot;\"\/><\/a><\/figure>\n\n\n\n<p>Ver insights<\/p>\n\n\n\n<p>Turbinar um post<\/p>\n","protected":false},"excerpt":{"rendered":"<p>Na noite desta segunda-feira (10), a C\u00e2mara Municipal de Caratinga acatou tr\u00eas den\u00fancias contra o governo do prefeito Giovanni Corr\u00eaa da Silva. Com exce\u00e7\u00e3o do vereador Carlindo, que se absteve, e do presidente Cleider Costa, que s\u00f3 vota em caso de empate, os demais 15 vereadores aprovaram a forma\u00e7\u00e3o de tr\u00eas Comiss\u00f5es Parlamentares Processantes (CPPs). [&hellip;]<\/p>\n","protected":false},"author":2,"featured_media":4353,"comment_status":"open","ping_status":"open","sticky":false,"template":"","format":"standard","meta":{"footnotes":""},"categories":[5],"tags":[],"class_list":["post-4352","post","type-post","status-publish","format-standard","has-post-thumbnail","hentry","category-noticias"],"wpmagazine_modules_lite_featured_media_urls":{"thumbnail":["http:\/\/radioclubedeinhapim.com.br\/wp-content\/uploads\/2025\/03\/2-150x150.jpg",150,150,true],"cvmm-medium":["http:\/\/radioclubedeinhapim.com.br\/wp-content\/uploads\/2025\/03\/2-300x300.jpg",300,300,true],"cvmm-medium-plus":["http:\/\/radioclubedeinhapim.com.br\/wp-content\/uploads\/2025\/03\/2-305x207.jpg",305,207,true],"cvmm-portrait":["http:\/\/radioclubedeinhapim.com.br\/wp-content\/uploads\/2025\/03\/2-400x600.jpg",400,600,true],"cvmm-medium-square":["http:\/\/radioclubedeinhapim.com.br\/wp-content\/uploads\/2025\/03\/2-600x600.jpg",600,600,true],"cvmm-large":["http:\/\/radioclubedeinhapim.com.br\/wp-content\/uploads\/2025\/03\/2-1024x1024.jpg",1024,1024,true],"cvmm-small":["http:\/\/radioclubedeinhapim.com.br\/wp-content\/uploads\/2025\/03\/2-130x95.jpg",130,95,true],"full":["http:\/\/radioclubedeinhapim.com.br\/wp-content\/uploads\/2025\/03\/2.jpg",1080,1080,false]},"categories_names":{"5":{"name":"Not\u00edcias","link":"http:\/\/radioclubedeinhapim.com.br\/index.php\/category\/noticias\/"}},"tags_names":[],"comments_number":"0","_links":{"self":[{"href":"http:\/\/radioclubedeinhapim.com.br\/index.php\/wp-json\/wp\/v2\/posts\/4352","targetHints":{"allow":["GET"]}}],"collection":[{"href":"http:\/\/radioclubedeinhapim.com.br\/index.php\/wp-json\/wp\/v2\/posts"}],"about":[{"href":"http:\/\/radioclubedeinhapim.com.br\/index.php\/wp-json\/wp\/v2\/types\/post"}],"author":[{"embeddable":true,"href":"http:\/\/radioclubedeinhapim.com.br\/index.php\/wp-json\/wp\/v2\/users\/2"}],"replies":[{"embeddable":true,"href":"http:\/\/radioclubedeinhapim.com.br\/index.php\/wp-json\/wp\/v2\/comments?post=4352"}],"version-history":[{"count":1,"href":"http:\/\/radioclubedeinhapim.com.br\/index.php\/wp-json\/wp\/v2\/posts\/4352\/revisions"}],"predecessor-version":[{"id":4354,"href":"http:\/\/radioclubedeinhapim.com.br\/index.php\/wp-json\/wp\/v2\/posts\/4352\/revisions\/4354"}],"wp:featuredmedia":[{"embeddable":true,"href":"http:\/\/radioclubedeinhapim.com.br\/index.php\/wp-json\/wp\/v2\/media\/4353"}],"wp:attachment":[{"href":"http:\/\/radioclubedeinhapim.com.br\/index.php\/wp-json\/wp\/v2\/media?parent=4352"}],"wp:term":[{"taxonomy":"category","embeddable":true,"href":"http:\/\/radioclubedeinhapim.com.br\/index.php\/wp-json\/wp\/v2\/categories?post=4352"},{"taxonomy":"post_tag","embeddable":true,"href":"http:\/\/radioclubedeinhapim.com.br\/index.php\/wp-json\/wp\/v2\/tags?post=4352"}],"curies":[{"name":"wp","href":"https:\/\/api.w.org\/{rel}","templated":true}]}}