{"id":4370,"date":"2025-03-13T11:32:48","date_gmt":"2025-03-13T14:32:48","guid":{"rendered":"https:\/\/radioclubedeinhapim.com.br\/?p=4370"},"modified":"2025-03-13T11:32:48","modified_gmt":"2025-03-13T14:32:48","slug":"prefeito-de-caratinga-exonera-secretarios-e-assessores-apos-instalacao-de-cpps-na-camara","status":"publish","type":"post","link":"http:\/\/radioclubedeinhapim.com.br\/index.php\/2025\/03\/13\/prefeito-de-caratinga-exonera-secretarios-e-assessores-apos-instalacao-de-cpps-na-camara\/","title":{"rendered":"Prefeito de Caratinga exonera secret\u00e1rios e assessores ap\u00f3s instala\u00e7\u00e3o de CPPs na C\u00e2mara"},"content":{"rendered":"\n<p>A Prefeitura de Caratinga passou por uma reformula\u00e7\u00e3o administrativa significativa na tarde desta quarta-feira (12). O prefeito Dr. Giovanni exonerou secret\u00e1rios e assessores do governo ap\u00f3s a instala\u00e7\u00e3o de tr\u00eas Comiss\u00f5es Parlamentares Processantes (CPPs) na C\u00e2mara Municipal, que investigam poss\u00edveis irregularidades na gest\u00e3o.<\/p>\n\n\n\n<p>Nos primeiros tr\u00eas meses de mandato, a administra\u00e7\u00e3o enfrentou <a><\/a>desafios, especialmente no que diz respeito \u00e0 comunica\u00e7\u00e3o entre os secret\u00e1rios, o Legislativo e a popula\u00e7\u00e3o. A insatisfa\u00e7\u00e3o com o desempenho de parte do secretariado e as den\u00fancias apresentadas nas CPPs resultaram em press\u00f5es pol\u00edticas que culminaram nas exonera\u00e7\u00f5es.<\/p>\n\n\n\n<p>Foram exonerados:<\/p>\n\n\n\n<p>Assessor do Executivo \u2013 Flavio Araujo Pacheco da Silveira<\/p>\n\n\n\n<p>Secret\u00e1ria Municipal de Planejamento e Fazenda \u2013 Fernanda Dimonna\u00ea de Lima Oliveira<\/p>\n\n\n\n<p>Secret\u00e1rio Municipal de Administra\u00e7\u00e3o e Recursos Humanos \u2013 Kelvio Gomes Santos<\/p>\n\n\n\n<p>Secret\u00e1ria Municipal de Obras P\u00fablicas e Defesa Social \u2013 Marina Miranda Martins<\/p>\n\n\n\n<p>Procurador-Geral \u2013 Luis Coelho da Silva Junior<\/p>\n\n\n\n<p>Controladora-Geral \u2013 Aline Gomes Mendes<\/p>\n\n\n\n<p>Superintendente de Tributa\u00e7\u00e3o \u2013 Salatiel Ferreira L\u00facio<\/p>\n\n\n\n<p>Assessora Jur\u00eddica \u2013 Vanessa Pessoa de Albuquerque<\/p>\n\n\n\n<p>Assessor Jur\u00eddico \u2013 Dilmo Elberte Rom\u00e3o<\/p>\n\n\n\n<p>Superintendente de Contratos e Licita\u00e7\u00e3o \u2013 Fernanda Alves da Silva<\/p>\n\n\n\n<p>A decis\u00e3o do prefeito reflete o impacto pol\u00edtico das investiga\u00e7\u00f5es conduzidas pela C\u00e2mara de Vereadores. Ainda n\u00e3o h\u00e1 informa\u00e7\u00f5es sobre os substitutos dos exonerados, mas a expectativa \u00e9 que a reformula\u00e7\u00e3o administrativa busque recuperar a confian\u00e7a da popula\u00e7\u00e3o e alinhar a gest\u00e3o aos interesses p\u00fablicos.<\/p>\n\n\n\n<p>O cen\u00e1rio pol\u00edtico de Caratinga segue em tens\u00e3o, e os desdobramentos das investiga\u00e7\u00f5es podem influenciar diretamente o rumo da administra\u00e7\u00e3o municipal nos pr\u00f3ximos meses.<\/p>\n","protected":false},"excerpt":{"rendered":"<p>A Prefeitura de Caratinga passou por uma reformula\u00e7\u00e3o administrativa significativa na tarde desta quarta-feira (12). O prefeito Dr. Giovanni exonerou secret\u00e1rios e assessores do governo ap\u00f3s a instala\u00e7\u00e3o de tr\u00eas Comiss\u00f5es Parlamentares Processantes (CPPs) na C\u00e2mara Municipal, que investigam poss\u00edveis irregularidades na gest\u00e3o. Nos primeiros tr\u00eas meses de mandato, a administra\u00e7\u00e3o enfrentou desafios, especialmente no [&hellip;]<\/p>\n","protected":false},"author":2,"featured_media":4371,"comment_status":"open","ping_status":"open","sticky":false,"template":"","format":"standard","meta":{"footnotes":""},"categories":[5],"tags":[],"class_list":["post-4370","post","type-post","status-publish","format-standard","has-post-thumbnail","hentry","category-noticias"],"wpmagazine_modules_lite_featured_media_urls":{"thumbnail":["http:\/\/radioclubedeinhapim.com.br\/wp-content\/uploads\/2025\/03\/1-1-150x150.jpg",150,150,true],"cvmm-medium":["http:\/\/radioclubedeinhapim.com.br\/wp-content\/uploads\/2025\/03\/1-1-300x300.jpg",300,300,true],"cvmm-medium-plus":["http:\/\/radioclubedeinhapim.com.br\/wp-content\/uploads\/2025\/03\/1-1-305x207.jpg",305,207,true],"cvmm-portrait":["http:\/\/radioclubedeinhapim.com.br\/wp-content\/uploads\/2025\/03\/1-1-400x600.jpg",400,600,true],"cvmm-medium-square":["http:\/\/radioclubedeinhapim.com.br\/wp-content\/uploads\/2025\/03\/1-1-600x600.jpg",600,600,true],"cvmm-large":["http:\/\/radioclubedeinhapim.com.br\/wp-content\/uploads\/2025\/03\/1-1.jpg",960,960,false],"cvmm-small":["http:\/\/radioclubedeinhapim.com.br\/wp-content\/uploads\/2025\/03\/1-1-130x95.jpg",130,95,true],"full":["http:\/\/radioclubedeinhapim.com.br\/wp-content\/uploads\/2025\/03\/1-1.jpg",960,960,false]},"categories_names":{"5":{"name":"Not\u00edcias","link":"http:\/\/radioclubedeinhapim.com.br\/index.php\/category\/noticias\/"}},"tags_names":[],"comments_number":"0","_links":{"self":[{"href":"http:\/\/radioclubedeinhapim.com.br\/index.php\/wp-json\/wp\/v2\/posts\/4370","targetHints":{"allow":["GET"]}}],"collection":[{"href":"http:\/\/radioclubedeinhapim.com.br\/index.php\/wp-json\/wp\/v2\/posts"}],"about":[{"href":"http:\/\/radioclubedeinhapim.com.br\/index.php\/wp-json\/wp\/v2\/types\/post"}],"author":[{"embeddable":true,"href":"http:\/\/radioclubedeinhapim.com.br\/index.php\/wp-json\/wp\/v2\/users\/2"}],"replies":[{"embeddable":true,"href":"http:\/\/radioclubedeinhapim.com.br\/index.php\/wp-json\/wp\/v2\/comments?post=4370"}],"version-history":[{"count":1,"href":"http:\/\/radioclubedeinhapim.com.br\/index.php\/wp-json\/wp\/v2\/posts\/4370\/revisions"}],"predecessor-version":[{"id":4372,"href":"http:\/\/radioclubedeinhapim.com.br\/index.php\/wp-json\/wp\/v2\/posts\/4370\/revisions\/4372"}],"wp:featuredmedia":[{"embeddable":true,"href":"http:\/\/radioclubedeinhapim.com.br\/index.php\/wp-json\/wp\/v2\/media\/4371"}],"wp:attachment":[{"href":"http:\/\/radioclubedeinhapim.com.br\/index.php\/wp-json\/wp\/v2\/media?parent=4370"}],"wp:term":[{"taxonomy":"category","embeddable":true,"href":"http:\/\/radioclubedeinhapim.com.br\/index.php\/wp-json\/wp\/v2\/categories?post=4370"},{"taxonomy":"post_tag","embeddable":true,"href":"http:\/\/radioclubedeinhapim.com.br\/index.php\/wp-json\/wp\/v2\/tags?post=4370"}],"curies":[{"name":"wp","href":"https:\/\/api.w.org\/{rel}","templated":true}]}}