{"id":4379,"date":"2025-03-13T16:26:09","date_gmt":"2025-03-13T19:26:09","guid":{"rendered":"https:\/\/radioclubedeinhapim.com.br\/?p=4379"},"modified":"2025-03-13T16:26:09","modified_gmt":"2025-03-13T19:26:09","slug":"acusado-de-matar-biomedica-manhuacuense-e-autuado-por-feminicidio","status":"publish","type":"post","link":"http:\/\/radioclubedeinhapim.com.br\/index.php\/2025\/03\/13\/acusado-de-matar-biomedica-manhuacuense-e-autuado-por-feminicidio\/","title":{"rendered":"Acusado de matar biom\u00e9dica manhua\u00e7uense \u00e9 autuado por feminic\u00eddio"},"content":{"rendered":"\n<p>A Pol\u00edcia Civil de Minas Gerais (PCMG) informou nesta ter\u00e7a-feira (11) que o suspeito de matar a biom\u00e9dica manhua\u00e7usense Miqueias Nunes de Oliveira, de 33 anos, foi autuado ap\u00f3s ser preso em flagrante.<\/p>\n\n\n\n<p>Ren\u00ea Teixeira, de 42 anos, vai responder pelos crimes de feminic\u00eddio e posse ilegal de arma de fogo de uso restrito, por conta de uma apreens\u00e3o realizada em sua resid\u00eancia.<\/p>\n\n\n\n<p>O crime aconteceu no bairro V\u00e1rzea, em Ibirit\u00e9, na Regi\u00e3o Metropolitana de Belo Horizonte, na tarde dessa segunda-feira (10).<\/p>\n\n\n\n<p>Ren\u00ea Teixeira \u00e9 suspeito de invadir a cl\u00ednica onde a biom\u00e9dica Miqueias Nunes de Oliveira trabalhava e a atingir com golpes de canivete.<\/p>\n\n\n\n<p>Dr. Keia \u00e9 natural de Palmeiras, distrito de Manhua\u00e7u. O corpo ser\u00e1 sepultado em Simon\u00e9sia nesta quarta-feira.<\/p>\n\n\n\n<p>O falecimento da jovem de forma cruel gerou como\u00e7\u00e3o e revolta em toda a comunidade de Ibirit\u00e9 e tamb\u00e9m na regi\u00e3o de Palmeiras. Ela era muito querida pela popula\u00e7\u00e3o.<\/p>\n","protected":false},"excerpt":{"rendered":"<p>A Pol\u00edcia Civil de Minas Gerais (PCMG) informou nesta ter\u00e7a-feira (11) que o suspeito de matar a biom\u00e9dica manhua\u00e7usense Miqueias Nunes de Oliveira, de 33 anos, foi autuado ap\u00f3s ser preso em flagrante. Ren\u00ea Teixeira, de 42 anos, vai responder pelos crimes de feminic\u00eddio e posse ilegal de arma de fogo de uso restrito, por [&hellip;]<\/p>\n","protected":false},"author":2,"featured_media":4380,"comment_status":"open","ping_status":"open","sticky":false,"template":"","format":"standard","meta":{"footnotes":""},"categories":[5],"tags":[],"class_list":["post-4379","post","type-post","status-publish","format-standard","has-post-thumbnail","hentry","category-noticias"],"wpmagazine_modules_lite_featured_media_urls":{"thumbnail":["http:\/\/radioclubedeinhapim.com.br\/wp-content\/uploads\/2025\/03\/3-1-150x150.jpg",150,150,true],"cvmm-medium":["http:\/\/radioclubedeinhapim.com.br\/wp-content\/uploads\/2025\/03\/3-1-300x300.jpg",300,300,true],"cvmm-medium-plus":["http:\/\/radioclubedeinhapim.com.br\/wp-content\/uploads\/2025\/03\/3-1-305x207.jpg",305,207,true],"cvmm-portrait":["http:\/\/radioclubedeinhapim.com.br\/wp-content\/uploads\/2025\/03\/3-1-400x600.jpg",400,600,true],"cvmm-medium-square":["http:\/\/radioclubedeinhapim.com.br\/wp-content\/uploads\/2025\/03\/3-1-600x600.jpg",600,600,true],"cvmm-large":["http:\/\/radioclubedeinhapim.com.br\/wp-content\/uploads\/2025\/03\/3-1-1024x1024.jpg",1024,1024,true],"cvmm-small":["http:\/\/radioclubedeinhapim.com.br\/wp-content\/uploads\/2025\/03\/3-1-130x95.jpg",130,95,true],"full":["http:\/\/radioclubedeinhapim.com.br\/wp-content\/uploads\/2025\/03\/3-1.jpg",1080,1080,false]},"categories_names":{"5":{"name":"Not\u00edcias","link":"http:\/\/radioclubedeinhapim.com.br\/index.php\/category\/noticias\/"}},"tags_names":[],"comments_number":"0","_links":{"self":[{"href":"http:\/\/radioclubedeinhapim.com.br\/index.php\/wp-json\/wp\/v2\/posts\/4379","targetHints":{"allow":["GET"]}}],"collection":[{"href":"http:\/\/radioclubedeinhapim.com.br\/index.php\/wp-json\/wp\/v2\/posts"}],"about":[{"href":"http:\/\/radioclubedeinhapim.com.br\/index.php\/wp-json\/wp\/v2\/types\/post"}],"author":[{"embeddable":true,"href":"http:\/\/radioclubedeinhapim.com.br\/index.php\/wp-json\/wp\/v2\/users\/2"}],"replies":[{"embeddable":true,"href":"http:\/\/radioclubedeinhapim.com.br\/index.php\/wp-json\/wp\/v2\/comments?post=4379"}],"version-history":[{"count":1,"href":"http:\/\/radioclubedeinhapim.com.br\/index.php\/wp-json\/wp\/v2\/posts\/4379\/revisions"}],"predecessor-version":[{"id":4381,"href":"http:\/\/radioclubedeinhapim.com.br\/index.php\/wp-json\/wp\/v2\/posts\/4379\/revisions\/4381"}],"wp:featuredmedia":[{"embeddable":true,"href":"http:\/\/radioclubedeinhapim.com.br\/index.php\/wp-json\/wp\/v2\/media\/4380"}],"wp:attachment":[{"href":"http:\/\/radioclubedeinhapim.com.br\/index.php\/wp-json\/wp\/v2\/media?parent=4379"}],"wp:term":[{"taxonomy":"category","embeddable":true,"href":"http:\/\/radioclubedeinhapim.com.br\/index.php\/wp-json\/wp\/v2\/categories?post=4379"},{"taxonomy":"post_tag","embeddable":true,"href":"http:\/\/radioclubedeinhapim.com.br\/index.php\/wp-json\/wp\/v2\/tags?post=4379"}],"curies":[{"name":"wp","href":"https:\/\/api.w.org\/{rel}","templated":true}]}}