{"id":4382,"date":"2025-03-13T16:26:43","date_gmt":"2025-03-13T19:26:43","guid":{"rendered":"https:\/\/radioclubedeinhapim.com.br\/?p=4382"},"modified":"2025-03-13T16:26:43","modified_gmt":"2025-03-13T19:26:43","slug":"bolsonaro-pode-perder-patente-militar-se-condenado-diz-presidente-do-stm","status":"publish","type":"post","link":"http:\/\/radioclubedeinhapim.com.br\/index.php\/2025\/03\/13\/bolsonaro-pode-perder-patente-militar-se-condenado-diz-presidente-do-stm\/","title":{"rendered":"Bolsonaro pode perder patente militar se condenado, diz presidente do STM"},"content":{"rendered":"\n<p>A recente declara\u00e7\u00e3o da ministra Maria Elizabeth Rocha, nova presidente do Superior Tribunal Militar (STM), trouxe \u00e0 tona uma quest\u00e3o de grande impacto na pol\u00edtica e na esfera militar brasileira: a possibilidade de o ex-presidente Jair Bolsonaro perder sua patente de capit\u00e3o caso seja condenado por crimes militares. A discuss\u00e3o n\u00e3o apenas levanta questionamentos jur\u00eddicos, mas tamb\u00e9m abre um debate sobre as consequ\u00eancias pol\u00edticas e institucionais de tal decis\u00e3o.<\/p>\n\n\n\n<p>De acordo com a ministra, a Justi\u00e7a Militar pode vir a se pronunciar sobre a conduta de Bolsonaro ap\u00f3s o julgamento no Supremo Tribunal Federal (STF). Caso se configurem crimes militares, a compet\u00eancia para julgamento e poss\u00edveis san\u00e7\u00f5es recair\u00e1 sobre o STM e os Conselhos de Justifica\u00e7\u00e3o. Entre as poss\u00edveis infra\u00e7\u00f5es militares est\u00e1 a incita\u00e7\u00e3o \u00e0 tropa, o que pode configurar uma afronta \u00e0 hierarquia e \u00e0 disciplina dentro das For\u00e7as Armadas.<\/p>\n\n\n\n<p>A decis\u00e3o sobre a perda da patente de um oficial das For\u00e7as Armadas est\u00e1 condicionada \u00e0 apresenta\u00e7\u00e3o formal de den\u00fancia por parte do Minist\u00e9rio P\u00fablico Militar (MPM). At\u00e9 o momento, n\u00e3o h\u00e1 investiga\u00e7\u00f5es formais conduzidas pelo \u00f3rg\u00e3o contra o ex-presidente. No entanto, o posicionamento da nova presidente do STM sinaliza que a Corte estar\u00e1 atenta a eventuais desdobramentos de processos judiciais em curso, especialmente no STF.<\/p>\n\n\n\n<p>A perda da patente militar representa n\u00e3o apenas uma penalidade simb\u00f3lica, mas tamb\u00e9m pode afetar os direitos e benef\u00edcios que Bolsonaro, como ex-capit\u00e3o do Ex\u00e9rcito, possui. Essa medida tem precedentes na hist\u00f3ria brasileira, onde oficiais foram destitu\u00eddos de suas patentes por envolvimento em atos contr\u00e1rios \u00e0 \u00e9tica e disciplina militar.<\/p>\n\n\n\n<p>No campo pol\u00edtico, uma eventual condena\u00e7\u00e3o de Bolsonaro pode impactar diretamente sua base de apoio, especialmente entre militares e segmentos conservadores da sociedade. O discurso de persegui\u00e7\u00e3o pol\u00edtica pode ser amplificado por aliados do ex-presidente, ao passo que opositores poder\u00e3o utilizar o epis\u00f3dio como um argumento para refor\u00e7ar cr\u00edticas sobre sua gest\u00e3o e conduta p\u00fablica.<\/p>\n","protected":false},"excerpt":{"rendered":"<p>A recente declara\u00e7\u00e3o da ministra Maria Elizabeth Rocha, nova presidente do Superior Tribunal Militar (STM), trouxe \u00e0 tona uma quest\u00e3o de grande impacto na pol\u00edtica e na esfera militar brasileira: a possibilidade de o ex-presidente Jair Bolsonaro perder sua patente de capit\u00e3o caso seja condenado por crimes militares. A discuss\u00e3o n\u00e3o apenas levanta questionamentos jur\u00eddicos, [&hellip;]<\/p>\n","protected":false},"author":2,"featured_media":4383,"comment_status":"open","ping_status":"open","sticky":false,"template":"","format":"standard","meta":{"footnotes":""},"categories":[5],"tags":[],"class_list":["post-4382","post","type-post","status-publish","format-standard","has-post-thumbnail","hentry","category-noticias"],"wpmagazine_modules_lite_featured_media_urls":{"thumbnail":["http:\/\/radioclubedeinhapim.com.br\/wp-content\/uploads\/2025\/03\/4-150x150.jpg",150,150,true],"cvmm-medium":["http:\/\/radioclubedeinhapim.com.br\/wp-content\/uploads\/2025\/03\/4-300x300.jpg",300,300,true],"cvmm-medium-plus":["http:\/\/radioclubedeinhapim.com.br\/wp-content\/uploads\/2025\/03\/4-305x207.jpg",305,207,true],"cvmm-portrait":["http:\/\/radioclubedeinhapim.com.br\/wp-content\/uploads\/2025\/03\/4-400x600.jpg",400,600,true],"cvmm-medium-square":["http:\/\/radioclubedeinhapim.com.br\/wp-content\/uploads\/2025\/03\/4-600x600.jpg",600,600,true],"cvmm-large":["http:\/\/radioclubedeinhapim.com.br\/wp-content\/uploads\/2025\/03\/4-1024x1024.jpg",1024,1024,true],"cvmm-small":["http:\/\/radioclubedeinhapim.com.br\/wp-content\/uploads\/2025\/03\/4-130x95.jpg",130,95,true],"full":["http:\/\/radioclubedeinhapim.com.br\/wp-content\/uploads\/2025\/03\/4.jpg",1080,1080,false]},"categories_names":{"5":{"name":"Not\u00edcias","link":"http:\/\/radioclubedeinhapim.com.br\/index.php\/category\/noticias\/"}},"tags_names":[],"comments_number":"0","_links":{"self":[{"href":"http:\/\/radioclubedeinhapim.com.br\/index.php\/wp-json\/wp\/v2\/posts\/4382","targetHints":{"allow":["GET"]}}],"collection":[{"href":"http:\/\/radioclubedeinhapim.com.br\/index.php\/wp-json\/wp\/v2\/posts"}],"about":[{"href":"http:\/\/radioclubedeinhapim.com.br\/index.php\/wp-json\/wp\/v2\/types\/post"}],"author":[{"embeddable":true,"href":"http:\/\/radioclubedeinhapim.com.br\/index.php\/wp-json\/wp\/v2\/users\/2"}],"replies":[{"embeddable":true,"href":"http:\/\/radioclubedeinhapim.com.br\/index.php\/wp-json\/wp\/v2\/comments?post=4382"}],"version-history":[{"count":1,"href":"http:\/\/radioclubedeinhapim.com.br\/index.php\/wp-json\/wp\/v2\/posts\/4382\/revisions"}],"predecessor-version":[{"id":4384,"href":"http:\/\/radioclubedeinhapim.com.br\/index.php\/wp-json\/wp\/v2\/posts\/4382\/revisions\/4384"}],"wp:featuredmedia":[{"embeddable":true,"href":"http:\/\/radioclubedeinhapim.com.br\/index.php\/wp-json\/wp\/v2\/media\/4383"}],"wp:attachment":[{"href":"http:\/\/radioclubedeinhapim.com.br\/index.php\/wp-json\/wp\/v2\/media?parent=4382"}],"wp:term":[{"taxonomy":"category","embeddable":true,"href":"http:\/\/radioclubedeinhapim.com.br\/index.php\/wp-json\/wp\/v2\/categories?post=4382"},{"taxonomy":"post_tag","embeddable":true,"href":"http:\/\/radioclubedeinhapim.com.br\/index.php\/wp-json\/wp\/v2\/tags?post=4382"}],"curies":[{"name":"wp","href":"https:\/\/api.w.org\/{rel}","templated":true}]}}