{"id":4532,"date":"2025-03-24T15:43:49","date_gmt":"2025-03-24T18:43:49","guid":{"rendered":"https:\/\/radioclubedeinhapim.com.br\/?p=4532"},"modified":"2025-03-24T15:43:49","modified_gmt":"2025-03-24T18:43:49","slug":"aluno-de-13-anos-acusa-professor-de-agressao-em-escola-de-santo-amaro","status":"publish","type":"post","link":"http:\/\/radioclubedeinhapim.com.br\/index.php\/2025\/03\/24\/aluno-de-13-anos-acusa-professor-de-agressao-em-escola-de-santo-amaro\/","title":{"rendered":"Aluno de 13 anos acusa professor de agress\u00e3o em escola de Santo Amaro"},"content":{"rendered":"\n<p>A Pol\u00edcia Civil investiga a den\u00fancia de que um menino especial, de 13 anos, foi agredido por um professor em uma escola de Santo Amaro de Minas, distrito de Manhua\u00e7u.<\/p>\n\n\n\n<p>Eles relataram aos policiais que o fato ocorreu na \u00faltima quarta-feira (19), quando, no intervalo da aula, um grupo de alunos estava acendendo e apagando as l\u00e2mpadas da sala. Nesse momento, o professor chegou na sala muito exaltado e pegou a crian\u00e7a pelo pesco\u00e7o, jogando-a no ch\u00e3o \u2014 continuando com as agress\u00f5es, tendo cessado somente ap\u00f3s interven\u00e7\u00e3o dos alunos e de outros professores.<\/p>\n\n\n\n<p>O aluno sofreu hematomas na regi\u00e3o do pesco\u00e7o, bra\u00e7o, peito e nuca, al\u00e9m de reclamar de dores pelo corpo.<\/p>\n\n\n\n<p>Perguntado se os pais queriam levar a crian\u00e7a ao posto de sa\u00fade, eles recusaram, pois disseram j\u00e1 estar tarde e o filho ainda estava abalado com o ocorrido. Segundo o registro da PM, a dire\u00e7\u00e3o da escola informou que ir\u00e1 tomar provid\u00eancias.<\/p>\n\n\n\n<p>O advogado da fam\u00edlia, Samuel Medeiros, informou que medidas c\u00edveis, criminais e administrativas ser\u00e3o adotadas.<\/p>\n\n\n\n<p>Em nota, a PCMG informou somente que o caso ser\u00e1 apurado: \u201cA Pol\u00edcia Civil de Minas Gerais (PCMG) informa que apura a ocorr\u00eancia atendida e registrada pela PMMG na \u00faltima quarta-feira (19\/3), no distrito de Santo Amaro, em Manhua\u00e7u\u201d.<\/p>\n","protected":false},"excerpt":{"rendered":"<p>A Pol\u00edcia Civil investiga a den\u00fancia de que um menino especial, de 13 anos, foi agredido por um professor em uma escola de Santo Amaro de Minas, distrito de Manhua\u00e7u. Eles relataram aos policiais que o fato ocorreu na \u00faltima quarta-feira (19), quando, no intervalo da aula, um grupo de alunos estava acendendo e apagando [&hellip;]<\/p>\n","protected":false},"author":2,"featured_media":4533,"comment_status":"open","ping_status":"open","sticky":false,"template":"","format":"standard","meta":{"footnotes":""},"categories":[5],"tags":[],"class_list":["post-4532","post","type-post","status-publish","format-standard","has-post-thumbnail","hentry","category-noticias"],"wpmagazine_modules_lite_featured_media_urls":{"thumbnail":["http:\/\/radioclubedeinhapim.com.br\/wp-content\/uploads\/2025\/03\/Copia-de-Inserir-um-subtitulo-2025-03-24T154525.676-150x150.jpg",150,150,true],"cvmm-medium":["http:\/\/radioclubedeinhapim.com.br\/wp-content\/uploads\/2025\/03\/Copia-de-Inserir-um-subtitulo-2025-03-24T154525.676-300x300.jpg",300,300,true],"cvmm-medium-plus":["http:\/\/radioclubedeinhapim.com.br\/wp-content\/uploads\/2025\/03\/Copia-de-Inserir-um-subtitulo-2025-03-24T154525.676-305x207.jpg",305,207,true],"cvmm-portrait":["http:\/\/radioclubedeinhapim.com.br\/wp-content\/uploads\/2025\/03\/Copia-de-Inserir-um-subtitulo-2025-03-24T154525.676-400x600.jpg",400,600,true],"cvmm-medium-square":["http:\/\/radioclubedeinhapim.com.br\/wp-content\/uploads\/2025\/03\/Copia-de-Inserir-um-subtitulo-2025-03-24T154525.676-600x600.jpg",600,600,true],"cvmm-large":["http:\/\/radioclubedeinhapim.com.br\/wp-content\/uploads\/2025\/03\/Copia-de-Inserir-um-subtitulo-2025-03-24T154525.676-1024x1024.jpg",1024,1024,true],"cvmm-small":["http:\/\/radioclubedeinhapim.com.br\/wp-content\/uploads\/2025\/03\/Copia-de-Inserir-um-subtitulo-2025-03-24T154525.676-130x95.jpg",130,95,true],"full":["http:\/\/radioclubedeinhapim.com.br\/wp-content\/uploads\/2025\/03\/Copia-de-Inserir-um-subtitulo-2025-03-24T154525.676.jpg",1080,1080,false]},"categories_names":{"5":{"name":"Not\u00edcias","link":"http:\/\/radioclubedeinhapim.com.br\/index.php\/category\/noticias\/"}},"tags_names":[],"comments_number":"0","_links":{"self":[{"href":"http:\/\/radioclubedeinhapim.com.br\/index.php\/wp-json\/wp\/v2\/posts\/4532","targetHints":{"allow":["GET"]}}],"collection":[{"href":"http:\/\/radioclubedeinhapim.com.br\/index.php\/wp-json\/wp\/v2\/posts"}],"about":[{"href":"http:\/\/radioclubedeinhapim.com.br\/index.php\/wp-json\/wp\/v2\/types\/post"}],"author":[{"embeddable":true,"href":"http:\/\/radioclubedeinhapim.com.br\/index.php\/wp-json\/wp\/v2\/users\/2"}],"replies":[{"embeddable":true,"href":"http:\/\/radioclubedeinhapim.com.br\/index.php\/wp-json\/wp\/v2\/comments?post=4532"}],"version-history":[{"count":1,"href":"http:\/\/radioclubedeinhapim.com.br\/index.php\/wp-json\/wp\/v2\/posts\/4532\/revisions"}],"predecessor-version":[{"id":4534,"href":"http:\/\/radioclubedeinhapim.com.br\/index.php\/wp-json\/wp\/v2\/posts\/4532\/revisions\/4534"}],"wp:featuredmedia":[{"embeddable":true,"href":"http:\/\/radioclubedeinhapim.com.br\/index.php\/wp-json\/wp\/v2\/media\/4533"}],"wp:attachment":[{"href":"http:\/\/radioclubedeinhapim.com.br\/index.php\/wp-json\/wp\/v2\/media?parent=4532"}],"wp:term":[{"taxonomy":"category","embeddable":true,"href":"http:\/\/radioclubedeinhapim.com.br\/index.php\/wp-json\/wp\/v2\/categories?post=4532"},{"taxonomy":"post_tag","embeddable":true,"href":"http:\/\/radioclubedeinhapim.com.br\/index.php\/wp-json\/wp\/v2\/tags?post=4532"}],"curies":[{"name":"wp","href":"https:\/\/api.w.org\/{rel}","templated":true}]}}