{"id":5190,"date":"2025-05-12T15:36:44","date_gmt":"2025-05-12T18:36:44","guid":{"rendered":"https:\/\/radioclubedeinhapim.com.br\/?p=5190"},"modified":"2025-05-12T15:36:44","modified_gmt":"2025-05-12T18:36:44","slug":"acidente-entre-carretas-na-br-116-termina-em-saque-de-carga","status":"publish","type":"post","link":"http:\/\/radioclubedeinhapim.com.br\/index.php\/2025\/05\/12\/acidente-entre-carretas-na-br-116-termina-em-saque-de-carga\/","title":{"rendered":"Acidente entre carretas na BR-116 termina em saque de carga"},"content":{"rendered":"\n<p><a><\/a>Um acidente envolvendo duas carretas causou transtornos e levou ao saque de carga na manh\u00e3 deste domingo (11), no km 534 da BR-116, pr\u00f3ximo \u00e0 cidade de Santa Rita de Minas.<\/p>\n\n\n\n<p>Segundo informa\u00e7\u00f5es da Pol\u00edcia Rodovi\u00e1ria Federal (PRF), uma das carretas, que transportava metal\u00e3o e seguia sentido Caratinga, tombou parcialmente ap\u00f3s o motorista perder o controle da dire\u00e7\u00e3o ao fazer uma curva. O ve\u00edculo invadiu a contram\u00e3o da rodovia.<\/p>\n\n\n\n<p>A outra carreta, carregada com sal e que vinha no sentido contr\u00e1rio, precisou realizar uma manobra brusca para evitar uma colis\u00e3o frontal. O motorista conseguiu desviar e parou \u00e0s margens da pista, evitando um acidente de maiores propor\u00e7\u00f5es.<\/p>\n\n\n\n<p>Momentos ap\u00f3s o acidente, enquanto a PRF atuava na sinaliza\u00e7\u00e3o e registro da ocorr\u00eancia, populares aproveitaram para saquear parte da carga de sal espalhada na pista. A pol\u00edcia interveio rapidamente para conter os saqueadores.<\/p>\n\n\n\n<p>Apesar do susto, os dois motoristas n\u00e3o sofreram ferimentos graves e passam bem. As causas do acidente ser\u00e3o investigadas. O tr\u00e1fego foi parcialmente interrompido durante a manh\u00e3 para retirada dos ve\u00edculos e limpeza da via.<\/p>\n\n\n\n<p><a href=\"https:\/\/www.facebook.com\/photo\/?fbid=1526172368381798&amp;set=a.814962612836114&amp;__cft__[0]=AZWQlRE6iDBuanGLT0i6uVV7ORAN44QY1uaZRLmOe6p-GLFKypalw0vVUfMYopc-ICvhs-YavBhqFMpfrnLB_XkRDUjxR_56Vn-iVra3UQylwTBO9xAv_OcFszNn03CHE1ArTAN1g7aj7g1Bzq1hdL0hdOQZDRxvGBZnZjQsKAqcYsuzQhiputkUR1uS5_2IzapTpGGAw-6m9GzR7cU_T-I2&amp;__tn__=EH-R\"><\/a><\/p>\n\n\n\n<figure class=\"wp-block-image\"><a class=\"x1i10hfl x1qjc9v5 xjbqb8w xjqpnuy xa49m3k xqeqjp1 x2hbi6w x13fuv20 xu3j5b3 x1q0q8m5 x26u7qi x972fbf xcfux6l x1qhh985 xm0m39n x9f619 x1ypdohk xdl72j9 x2lah0s xe8uvvx xdj266r x11i5rnm xat24cr x1mh8g0r x2lwn1j xeuugli xexx8yu x4uap5 x18d9i69 xkhd6sd x1n2onr6 x16tdsg8 x1hl2dhg xggy1nq x1ja2u2z x1t137rt x1o1ewxj x3x9cwd x1e5q0jg x13rtm0m x1q0g3np x87ps6o x1lku1pv x1a2a7pz x1lliihq x1pdlv7q\" href=\"https:\/\/www.facebook.com\/photo\/?fbid=1526172368381798&amp;set=a.814962612836114&amp;__cft__[0]=AZWQlRE6iDBuanGLT0i6uVV7ORAN44QY1uaZRLmOe6p-GLFKypalw0vVUfMYopc-ICvhs-YavBhqFMpfrnLB_XkRDUjxR_56Vn-iVra3UQylwTBO9xAv_OcFszNn03CHE1ArTAN1g7aj7g1Bzq1hdL0hdOQZDRxvGBZnZjQsKAqcYsuzQhiputkUR1uS5_2IzapTpGGAw-6m9GzR7cU_T-I2&amp;__tn__=EH-R\"><img decoding=\"async\" src=\"https:\/\/scontent.fgvr3-1.fna.fbcdn.net\/v\/t39.30808-6\/493087657_1526172371715131_1707208426912216220_n.jpg?stp=dst-jpg_p526x296_tt6&amp;_nc_cat=106&amp;ccb=1-7&amp;_nc_sid=127cfc&amp;_nc_ohc=fPMo-JsSeF0Q7kNvwGZAxXU&amp;_nc_oc=AdnfWXH1Z-7YNuIw6ZY3FaekLkpnaXTHInhQ-ACJowdZVF3TftYJ0ZxOXfAYogwy00U&amp;_nc_zt=23&amp;_nc_ht=scontent.fgvr3-1.fna&amp;_nc_gid=aOm7NviYHH36nQdMHGPuTg&amp;oh=00_AfLd_rsmTsTCjTgvU2oRacPJELNa2OliqhGpfYgSHTUcBw&amp;oe=6827E19F\" alt=\"Pode ser uma imagem de \u200etexto que diz &quot;\u200eACIDENTE ENTRE CARRETAS NA BR-116 TERMINA EM SAQUE DE CARGA Celube FOCio Fontanelao SCANIA Cclube \u0645 acio NEEZA IMAGEM: DIVULGA\u00c7\u00c4O\/REPRODU\u00c7\u00c3O Cclube \u0dbd clube r\u00e1dio\u200e&quot;\u200e\"\/><\/a><\/figure>\n\n\n\n<p>Ver insights<\/p>\n\n\n\n<p>Turbinar um post<\/p>\n\n\n\n\n\n<p>Todas as rea\u00e7\u00f5es:<\/p>\n\n\n\n<p>99<\/p>\n","protected":false},"excerpt":{"rendered":"<p>Um acidente envolvendo duas carretas causou transtornos e levou ao saque de carga na manh\u00e3 deste domingo (11), no km 534 da BR-116, pr\u00f3ximo \u00e0 cidade de Santa Rita de Minas. Segundo informa\u00e7\u00f5es da Pol\u00edcia Rodovi\u00e1ria Federal (PRF), uma das carretas, que transportava metal\u00e3o e seguia sentido Caratinga, tombou parcialmente ap\u00f3s o motorista perder o [&hellip;]<\/p>\n","protected":false},"author":2,"featured_media":5191,"comment_status":"open","ping_status":"open","sticky":false,"template":"","format":"standard","meta":{"footnotes":""},"categories":[5],"tags":[],"class_list":["post-5190","post","type-post","status-publish","format-standard","has-post-thumbnail","hentry","category-noticias"],"wpmagazine_modules_lite_featured_media_urls":{"thumbnail":["http:\/\/radioclubedeinhapim.com.br\/wp-content\/uploads\/2025\/05\/Copia-de-Inserir-um-subtitulo-2025-05-12T085816.808-150x150.jpg",150,150,true],"cvmm-medium":["http:\/\/radioclubedeinhapim.com.br\/wp-content\/uploads\/2025\/05\/Copia-de-Inserir-um-subtitulo-2025-05-12T085816.808-300x300.jpg",300,300,true],"cvmm-medium-plus":["http:\/\/radioclubedeinhapim.com.br\/wp-content\/uploads\/2025\/05\/Copia-de-Inserir-um-subtitulo-2025-05-12T085816.808-305x207.jpg",305,207,true],"cvmm-portrait":["http:\/\/radioclubedeinhapim.com.br\/wp-content\/uploads\/2025\/05\/Copia-de-Inserir-um-subtitulo-2025-05-12T085816.808-400x600.jpg",400,600,true],"cvmm-medium-square":["http:\/\/radioclubedeinhapim.com.br\/wp-content\/uploads\/2025\/05\/Copia-de-Inserir-um-subtitulo-2025-05-12T085816.808-600x600.jpg",600,600,true],"cvmm-large":["http:\/\/radioclubedeinhapim.com.br\/wp-content\/uploads\/2025\/05\/Copia-de-Inserir-um-subtitulo-2025-05-12T085816.808-1024x1024.jpg",1024,1024,true],"cvmm-small":["http:\/\/radioclubedeinhapim.com.br\/wp-content\/uploads\/2025\/05\/Copia-de-Inserir-um-subtitulo-2025-05-12T085816.808-130x95.jpg",130,95,true],"full":["http:\/\/radioclubedeinhapim.com.br\/wp-content\/uploads\/2025\/05\/Copia-de-Inserir-um-subtitulo-2025-05-12T085816.808.jpg",1080,1080,false]},"categories_names":{"5":{"name":"Not\u00edcias","link":"http:\/\/radioclubedeinhapim.com.br\/index.php\/category\/noticias\/"}},"tags_names":[],"comments_number":"0","_links":{"self":[{"href":"http:\/\/radioclubedeinhapim.com.br\/index.php\/wp-json\/wp\/v2\/posts\/5190","targetHints":{"allow":["GET"]}}],"collection":[{"href":"http:\/\/radioclubedeinhapim.com.br\/index.php\/wp-json\/wp\/v2\/posts"}],"about":[{"href":"http:\/\/radioclubedeinhapim.com.br\/index.php\/wp-json\/wp\/v2\/types\/post"}],"author":[{"embeddable":true,"href":"http:\/\/radioclubedeinhapim.com.br\/index.php\/wp-json\/wp\/v2\/users\/2"}],"replies":[{"embeddable":true,"href":"http:\/\/radioclubedeinhapim.com.br\/index.php\/wp-json\/wp\/v2\/comments?post=5190"}],"version-history":[{"count":1,"href":"http:\/\/radioclubedeinhapim.com.br\/index.php\/wp-json\/wp\/v2\/posts\/5190\/revisions"}],"predecessor-version":[{"id":5192,"href":"http:\/\/radioclubedeinhapim.com.br\/index.php\/wp-json\/wp\/v2\/posts\/5190\/revisions\/5192"}],"wp:featuredmedia":[{"embeddable":true,"href":"http:\/\/radioclubedeinhapim.com.br\/index.php\/wp-json\/wp\/v2\/media\/5191"}],"wp:attachment":[{"href":"http:\/\/radioclubedeinhapim.com.br\/index.php\/wp-json\/wp\/v2\/media?parent=5190"}],"wp:term":[{"taxonomy":"category","embeddable":true,"href":"http:\/\/radioclubedeinhapim.com.br\/index.php\/wp-json\/wp\/v2\/categories?post=5190"},{"taxonomy":"post_tag","embeddable":true,"href":"http:\/\/radioclubedeinhapim.com.br\/index.php\/wp-json\/wp\/v2\/tags?post=5190"}],"curies":[{"name":"wp","href":"https:\/\/api.w.org\/{rel}","templated":true}]}}