{"id":5312,"date":"2025-05-20T16:47:14","date_gmt":"2025-05-20T19:47:14","guid":{"rendered":"https:\/\/radioclubedeinhapim.com.br\/?p=5312"},"modified":"2025-05-20T16:47:14","modified_gmt":"2025-05-20T19:47:14","slug":"condenado-a-36-anos-por-estupro-de-vulneravel-e-preso-em-bom-jesus-do-galho-enquanto-trabalhava-para-a-prefeitura","status":"publish","type":"post","link":"http:\/\/radioclubedeinhapim.com.br\/index.php\/2025\/05\/20\/condenado-a-36-anos-por-estupro-de-vulneravel-e-preso-em-bom-jesus-do-galho-enquanto-trabalhava-para-a-prefeitura\/","title":{"rendered":"Condenado a 36 anos por estupro de vulner\u00e1vel \u00e9 preso em Bom Jesus do Galho enquanto trabalhava para a prefeitura"},"content":{"rendered":"\n<p>A Pol\u00edcia Civil de Minas Gerais, por meio da 2\u00aa Delegacia Regional de Caratinga, em a\u00e7\u00e3o coordenada com a Delegacia de Pol\u00edcia Civil de Ibirit\u00e9, prendeu nesta semana um homem condenado a 36 anos de reclus\u00e3o, em regime fechado, pelo crime de estupro de vulner\u00e1vel.<\/p>\n\n\n\n<p>O crime foi cometido em 2021, no munic\u00edpio de Contagem, na Regi\u00e3o Metropolitana de Belo Horizonte. Ap\u00f3s a condena\u00e7\u00e3o, o foragido se estabeleceu em Bom Jesus do Galho, onde vinha atuando como motorista a servi\u00e7o da Prefeitura Municipal.<\/p>\n\n\n\n<p>Gra\u00e7as a um trabalho minucioso de investiga\u00e7\u00e3o, os agentes da Pol\u00edcia Civil conseguiram localiz\u00e1-lo no setor de obras da administra\u00e7\u00e3o municipal. No momento da abordagem, o homem foi informado sobre o mandado de pris\u00e3o expedido em seu desfavor e recebeu as devidas orienta\u00e7\u00f5es legais sobre seus direitos constitucionais.<\/p>\n\n\n\n<p>A pris\u00e3o refor\u00e7a o compromisso da Pol\u00edcia Civil de Minas Gerais com o combate \u00e0 impunidade e a prote\u00e7\u00e3o das v\u00edtimas, especialmente as em situa\u00e7\u00e3o de vulnerabilidade. A institui\u00e7\u00e3o destaca ainda a import\u00e2ncia da atua\u00e7\u00e3o integrada entre delegacias de diferentes regi\u00f5es, garantindo a efic\u00e1cia das a\u00e7\u00f5es policiais em todo o estado.<\/p>\n","protected":false},"excerpt":{"rendered":"<p>A Pol\u00edcia Civil de Minas Gerais, por meio da 2\u00aa Delegacia Regional de Caratinga, em a\u00e7\u00e3o coordenada com a Delegacia de Pol\u00edcia Civil de Ibirit\u00e9, prendeu nesta semana um homem condenado a 36 anos de reclus\u00e3o, em regime fechado, pelo crime de estupro de vulner\u00e1vel. O crime foi cometido em 2021, no munic\u00edpio de Contagem, [&hellip;]<\/p>\n","protected":false},"author":2,"featured_media":5313,"comment_status":"open","ping_status":"open","sticky":false,"template":"","format":"standard","meta":{"footnotes":""},"categories":[5],"tags":[],"class_list":["post-5312","post","type-post","status-publish","format-standard","has-post-thumbnail","hentry","category-noticias"],"wpmagazine_modules_lite_featured_media_urls":{"thumbnail":["http:\/\/radioclubedeinhapim.com.br\/wp-content\/uploads\/2025\/05\/Copia-de-Inserir-um-subtitulo-2025-05-20T164816.638-150x150.jpg",150,150,true],"cvmm-medium":["http:\/\/radioclubedeinhapim.com.br\/wp-content\/uploads\/2025\/05\/Copia-de-Inserir-um-subtitulo-2025-05-20T164816.638-300x300.jpg",300,300,true],"cvmm-medium-plus":["http:\/\/radioclubedeinhapim.com.br\/wp-content\/uploads\/2025\/05\/Copia-de-Inserir-um-subtitulo-2025-05-20T164816.638-305x207.jpg",305,207,true],"cvmm-portrait":["http:\/\/radioclubedeinhapim.com.br\/wp-content\/uploads\/2025\/05\/Copia-de-Inserir-um-subtitulo-2025-05-20T164816.638-400x600.jpg",400,600,true],"cvmm-medium-square":["http:\/\/radioclubedeinhapim.com.br\/wp-content\/uploads\/2025\/05\/Copia-de-Inserir-um-subtitulo-2025-05-20T164816.638-600x600.jpg",600,600,true],"cvmm-large":["http:\/\/radioclubedeinhapim.com.br\/wp-content\/uploads\/2025\/05\/Copia-de-Inserir-um-subtitulo-2025-05-20T164816.638-1024x1024.jpg",1024,1024,true],"cvmm-small":["http:\/\/radioclubedeinhapim.com.br\/wp-content\/uploads\/2025\/05\/Copia-de-Inserir-um-subtitulo-2025-05-20T164816.638-130x95.jpg",130,95,true],"full":["http:\/\/radioclubedeinhapim.com.br\/wp-content\/uploads\/2025\/05\/Copia-de-Inserir-um-subtitulo-2025-05-20T164816.638.jpg",1080,1080,false]},"categories_names":{"5":{"name":"Not\u00edcias","link":"http:\/\/radioclubedeinhapim.com.br\/index.php\/category\/noticias\/"}},"tags_names":[],"comments_number":"0","_links":{"self":[{"href":"http:\/\/radioclubedeinhapim.com.br\/index.php\/wp-json\/wp\/v2\/posts\/5312","targetHints":{"allow":["GET"]}}],"collection":[{"href":"http:\/\/radioclubedeinhapim.com.br\/index.php\/wp-json\/wp\/v2\/posts"}],"about":[{"href":"http:\/\/radioclubedeinhapim.com.br\/index.php\/wp-json\/wp\/v2\/types\/post"}],"author":[{"embeddable":true,"href":"http:\/\/radioclubedeinhapim.com.br\/index.php\/wp-json\/wp\/v2\/users\/2"}],"replies":[{"embeddable":true,"href":"http:\/\/radioclubedeinhapim.com.br\/index.php\/wp-json\/wp\/v2\/comments?post=5312"}],"version-history":[{"count":1,"href":"http:\/\/radioclubedeinhapim.com.br\/index.php\/wp-json\/wp\/v2\/posts\/5312\/revisions"}],"predecessor-version":[{"id":5314,"href":"http:\/\/radioclubedeinhapim.com.br\/index.php\/wp-json\/wp\/v2\/posts\/5312\/revisions\/5314"}],"wp:featuredmedia":[{"embeddable":true,"href":"http:\/\/radioclubedeinhapim.com.br\/index.php\/wp-json\/wp\/v2\/media\/5313"}],"wp:attachment":[{"href":"http:\/\/radioclubedeinhapim.com.br\/index.php\/wp-json\/wp\/v2\/media?parent=5312"}],"wp:term":[{"taxonomy":"category","embeddable":true,"href":"http:\/\/radioclubedeinhapim.com.br\/index.php\/wp-json\/wp\/v2\/categories?post=5312"},{"taxonomy":"post_tag","embeddable":true,"href":"http:\/\/radioclubedeinhapim.com.br\/index.php\/wp-json\/wp\/v2\/tags?post=5312"}],"curies":[{"name":"wp","href":"https:\/\/api.w.org\/{rel}","templated":true}]}}