{"id":5325,"date":"2025-05-21T16:36:22","date_gmt":"2025-05-21T19:36:22","guid":{"rendered":"https:\/\/radioclubedeinhapim.com.br\/?p=5325"},"modified":"2025-05-21T16:36:22","modified_gmt":"2025-05-21T19:36:22","slug":"identificado-motorista-que-morreu-em-colisao-com-carretas-na-br-458-na-saida-de-ipatinga","status":"publish","type":"post","link":"http:\/\/radioclubedeinhapim.com.br\/index.php\/2025\/05\/21\/identificado-motorista-que-morreu-em-colisao-com-carretas-na-br-458-na-saida-de-ipatinga\/","title":{"rendered":"Identificado motorista que morreu em colis\u00e3o com carretas na BR-458, na sa\u00edda de Ipatinga"},"content":{"rendered":"\n<p>Foi identificado como Wilson Rodrigues Pereira, de 34 anos, o motorista que morreu em um grave acidente ocorrido na manh\u00e3 desta quarta-feira (21), na BR-458, sa\u00edda de Ipatinga. Natural de Tim\u00f3teo, Wilson dirigia o carro de passeio que se envolveu em uma colis\u00e3o com duas carretas, na altura do km 143 da rodovia.<\/p>\n\n\n\n<p>A Pol\u00edcia Militar acionou o Corpo de Bombeiros para prestar apoio no local da ocorr\u00eancia. Quando os bombeiros chegaram \u00e0 cena, o trecho j\u00e1 estava isolado, e o Servi\u00e7o de Atendimento M\u00f3vel de Urg\u00eancia (SAMU) havia confirmado o \u00f3bito do motorista ainda no local. O corpo de Wilson estava preso \u00e0s ferragens do ve\u00edculo, que sofreu grandes danos estruturais.<\/p>\n\n\n\n<p>De acordo com o relato do condutor de uma das carretas envolvidas, o autom\u00f3vel colidiu primeiro com a frente de sua carreta, perdeu o controle, rodou na pista e acabou batendo contra uma segunda carreta. O carro ficou ent\u00e3o preso entre esse segundo caminh\u00e3o e a encosta da via, impossibilitando a sa\u00edda do condutor.<\/p>\n\n\n\n<p>As duas carretas apresentaram apenas danos na lataria e n\u00e3o chegaram a tombar. O motorista da primeira carreta viajava sozinho e n\u00e3o se feriu. J\u00e1 na segunda, estava um casal, tamb\u00e9m sem ferimentos aparentes, que conseguiu sair do ve\u00edculo antes da chegada dos socorristas.<\/p>\n\n\n\n<p>Ap\u00f3s os trabalhos da per\u00edcia t\u00e9cnica, o Corpo de Bombeiros realizou a retirada do corpo das ferragens, deixando a cena sob responsabilidade da Pol\u00edcia Militar para as demais provid\u00eancias<\/p>\n\n\n\n<p>O Instituto M\u00e9dico Legal (IML) foi acionado para fazer a remo\u00e7\u00e3o do corpo e os procedimentos legais cab\u00edveis.<\/p>\n\n\n\n<p>Plox<\/p>\n","protected":false},"excerpt":{"rendered":"<p>Foi identificado como Wilson Rodrigues Pereira, de 34 anos, o motorista que morreu em um grave acidente ocorrido na manh\u00e3 desta quarta-feira (21), na BR-458, sa\u00edda de Ipatinga. Natural de Tim\u00f3teo, Wilson dirigia o carro de passeio que se envolveu em uma colis\u00e3o com duas carretas, na altura do km 143 da rodovia. A Pol\u00edcia [&hellip;]<\/p>\n","protected":false},"author":2,"featured_media":5326,"comment_status":"open","ping_status":"open","sticky":false,"template":"","format":"standard","meta":{"footnotes":""},"categories":[5],"tags":[],"class_list":["post-5325","post","type-post","status-publish","format-standard","has-post-thumbnail","hentry","category-noticias"],"wpmagazine_modules_lite_featured_media_urls":{"thumbnail":["http:\/\/radioclubedeinhapim.com.br\/wp-content\/uploads\/2025\/05\/Copia-de-Inserir-um-subtitulo-2025-05-21T163817.698-150x150.jpg",150,150,true],"cvmm-medium":["http:\/\/radioclubedeinhapim.com.br\/wp-content\/uploads\/2025\/05\/Copia-de-Inserir-um-subtitulo-2025-05-21T163817.698-300x300.jpg",300,300,true],"cvmm-medium-plus":["http:\/\/radioclubedeinhapim.com.br\/wp-content\/uploads\/2025\/05\/Copia-de-Inserir-um-subtitulo-2025-05-21T163817.698-305x207.jpg",305,207,true],"cvmm-portrait":["http:\/\/radioclubedeinhapim.com.br\/wp-content\/uploads\/2025\/05\/Copia-de-Inserir-um-subtitulo-2025-05-21T163817.698-400x600.jpg",400,600,true],"cvmm-medium-square":["http:\/\/radioclubedeinhapim.com.br\/wp-content\/uploads\/2025\/05\/Copia-de-Inserir-um-subtitulo-2025-05-21T163817.698-600x600.jpg",600,600,true],"cvmm-large":["http:\/\/radioclubedeinhapim.com.br\/wp-content\/uploads\/2025\/05\/Copia-de-Inserir-um-subtitulo-2025-05-21T163817.698-1024x1024.jpg",1024,1024,true],"cvmm-small":["http:\/\/radioclubedeinhapim.com.br\/wp-content\/uploads\/2025\/05\/Copia-de-Inserir-um-subtitulo-2025-05-21T163817.698-130x95.jpg",130,95,true],"full":["http:\/\/radioclubedeinhapim.com.br\/wp-content\/uploads\/2025\/05\/Copia-de-Inserir-um-subtitulo-2025-05-21T163817.698.jpg",1080,1080,false]},"categories_names":{"5":{"name":"Not\u00edcias","link":"http:\/\/radioclubedeinhapim.com.br\/index.php\/category\/noticias\/"}},"tags_names":[],"comments_number":"0","_links":{"self":[{"href":"http:\/\/radioclubedeinhapim.com.br\/index.php\/wp-json\/wp\/v2\/posts\/5325","targetHints":{"allow":["GET"]}}],"collection":[{"href":"http:\/\/radioclubedeinhapim.com.br\/index.php\/wp-json\/wp\/v2\/posts"}],"about":[{"href":"http:\/\/radioclubedeinhapim.com.br\/index.php\/wp-json\/wp\/v2\/types\/post"}],"author":[{"embeddable":true,"href":"http:\/\/radioclubedeinhapim.com.br\/index.php\/wp-json\/wp\/v2\/users\/2"}],"replies":[{"embeddable":true,"href":"http:\/\/radioclubedeinhapim.com.br\/index.php\/wp-json\/wp\/v2\/comments?post=5325"}],"version-history":[{"count":1,"href":"http:\/\/radioclubedeinhapim.com.br\/index.php\/wp-json\/wp\/v2\/posts\/5325\/revisions"}],"predecessor-version":[{"id":5327,"href":"http:\/\/radioclubedeinhapim.com.br\/index.php\/wp-json\/wp\/v2\/posts\/5325\/revisions\/5327"}],"wp:featuredmedia":[{"embeddable":true,"href":"http:\/\/radioclubedeinhapim.com.br\/index.php\/wp-json\/wp\/v2\/media\/5326"}],"wp:attachment":[{"href":"http:\/\/radioclubedeinhapim.com.br\/index.php\/wp-json\/wp\/v2\/media?parent=5325"}],"wp:term":[{"taxonomy":"category","embeddable":true,"href":"http:\/\/radioclubedeinhapim.com.br\/index.php\/wp-json\/wp\/v2\/categories?post=5325"},{"taxonomy":"post_tag","embeddable":true,"href":"http:\/\/radioclubedeinhapim.com.br\/index.php\/wp-json\/wp\/v2\/tags?post=5325"}],"curies":[{"name":"wp","href":"https:\/\/api.w.org\/{rel}","templated":true}]}}