{"id":592,"date":"2024-07-05T09:57:58","date_gmt":"2024-07-05T12:57:58","guid":{"rendered":"https:\/\/radioclubedeinhapim.com.br\/?p=592"},"modified":"2024-07-05T10:03:40","modified_gmt":"2024-07-05T13:03:40","slug":"indenizacao-funcionaria-era-obrigada-a-se-fantasiar-de-mulher-maravilha-e-tropa-de-elite","status":"publish","type":"post","link":"http:\/\/radioclubedeinhapim.com.br\/index.php\/2024\/07\/05\/indenizacao-funcionaria-era-obrigada-a-se-fantasiar-de-mulher-maravilha-e-tropa-de-elite\/","title":{"rendered":"Indeniza\u00e7\u00e3o: Funcion\u00e1ria era obrigada a se fantasiar de Mulher-Maravilha e Tropa de Elite"},"content":{"rendered":"\n<p>Uma funcion\u00e1ria que trabalhava no setor de vendas das empresas Avon e Natura revelou que era obrigada a se fantasiar de &#8216; Mulher-Maravilha&#8217; e personagens do filme &#8216;Tropa de Elite&#8217;.<\/p>\n\n\n\n<p>Al\u00e9m disso, ela teve que performar a m\u00fasica &#8216;Que Tiro foi Esse&#8217;, da cantora Jojo Maronttinni. As informa\u00e7\u00f5es s\u00e3o do advogado da v\u00edtima, \u00c2ngelo da Costa Campos.<\/p>\n\n\n\n<p>As empresas foram condenadas pelo Tribunal Regional do Trabalho (TRT) de Ponte Nova por &#8220;exposi\u00e7\u00e3o indevida e humilha\u00e7\u00e3o&#8221; de uma funcion\u00e1ria que era obrigada a usar fantasias quando n\u00e3o batia metas. Cabe recurso.<\/p>\n\n\n\n<p>A funcion\u00e1ria trabalhava com vendas e pediu indeniza\u00e7\u00e3o por danos morais, argumentando que era exposta em rankings p\u00fablicos de metas e que, quando n\u00e3o atingia os objetivos, tinha que usar fantasias em reuni\u00f5es com colegas e ainda pagar por elas.<\/p>\n\n\n\n<p>&#8221;Muitas funcion\u00e1rias foram desenvolvendo doen\u00e7as psiqui\u00e1tricas graves. Ela [funcion\u00e1ria] relatava muita ang\u00fastia durante as reuni\u00f5es coletivas, quando aconteciam as exposi\u00e7\u00f5es. Eram humilha\u00e7\u00f5es e constrangimentos constantes&#8221;, disse \u00c2ngelo Campos. <\/p>\n\n\n\n<p>Ainda segundo a defesa da v\u00edtima, a empresa afirmava que as a\u00e7\u00f5es serviam para estimular a competi\u00e7\u00e3o de resultados entre as equipes. Por nota, Avon e Natura afirmaram que prezam pelo cuidado com as pessoas e que o caso &#8220;segue sendo devidamente tratado no \u00e2mbito judicial&#8221;.<\/p>\n\n\n\n<p>Indeniza\u00e7\u00e3o<\/p>\n\n\n\n<p>As empresas ter\u00e3o que pagar R$ 10 mil por danos morais para a funcion\u00e1ria. A Justi\u00e7a condenou as duas empresas por reconhecer que fazem parte de um mesmo grupo.<\/p>\n\n\n\n<p>De acordo com a funcion\u00e1ria, a empresa montava e exibia em reuni\u00f5es trimestrais um ranking com cores, destacando em vermelho aqueles vendedores que n\u00e3o batiam as metas estipuladas.<\/p>\n\n\n\n<p>Nessas reuni\u00f5es, na presen\u00e7a de todos os colegas, a mulher disse que quem estava &#8220;no vermelho&#8221; tinha que usar fantasias definidas pelos superiores e ainda pagar por elas. Testemunhas confirmaram a vers\u00e3o dela.<\/p>\n\n\n\n<p>No processo, as empresas admitiram que essas reuni\u00f5es aconteciam, bem como a exist\u00eancia das planilhas. Entretanto, negaram haver humilha\u00e7\u00e3o e exposi\u00e7\u00e3o excessiva, alegando que a cobran\u00e7a de metas era &#8220;razo\u00e1vel e proporcional&#8221;, e argumentaram que n\u00e3o havia nenhum tipo de tratamento vexat\u00f3rio.<\/p>\n\n\n\n<p>Pedidos negados<\/p>\n\n\n\n<p>A funcion\u00e1ria tamb\u00e9m entrou na Justi\u00e7a contra as empresas alegando problemas com pagamentos de comiss\u00f5es de vendas, ac\u00famulo de fun\u00e7\u00f5es, uso do im\u00f3vel dela para armazenamento de produtos e recusa na concess\u00e3o de f\u00e9rias.<\/p>\n\n\n\n<p>A primeira inst\u00e2ncia concedeu somente a indeniza\u00e7\u00e3o por danos morais e a restitui\u00e7\u00e3o das comiss\u00f5es de venda. Tanto empresas quanto a funcion\u00e1ria recorreram.<\/p>\n\n\n\n<p>A segunda inst\u00e2ncia manteve, ent\u00e3o, os danos morais no valor de R$ 10 mil e a restitui\u00e7\u00e3o de R$ 600 mensais \u00e0 colaboradora pela diferen\u00e7a nos valores de comiss\u00f5es pagos.<\/p>\n\n\n\n<p>G1<\/p>\n","protected":false},"excerpt":{"rendered":"<p>Uma funcion\u00e1ria que trabalhava no setor de vendas das empresas Avon e Natura revelou que era obrigada a se fantasiar de &#8216; Mulher-Maravilha&#8217; e personagens do filme &#8216;Tropa de Elite&#8217;. Al\u00e9m disso, ela teve que performar a m\u00fasica &#8216;Que Tiro foi Esse&#8217;, da cantora Jojo Maronttinni. As informa\u00e7\u00f5es s\u00e3o do advogado da v\u00edtima, \u00c2ngelo da [&hellip;]<\/p>\n","protected":false},"author":2,"featured_media":593,"comment_status":"open","ping_status":"open","sticky":false,"template":"","format":"standard","meta":{"footnotes":""},"categories":[5],"tags":[],"class_list":["post-592","post","type-post","status-publish","format-standard","has-post-thumbnail","hentry","category-noticias"],"wpmagazine_modules_lite_featured_media_urls":{"thumbnail":["http:\/\/radioclubedeinhapim.com.br\/wp-content\/uploads\/2024\/07\/Copia-de-Inserir-um-subtitulo-14-150x150.png",150,150,true],"cvmm-medium":["http:\/\/radioclubedeinhapim.com.br\/wp-content\/uploads\/2024\/07\/Copia-de-Inserir-um-subtitulo-14-300x300.png",300,300,true],"cvmm-medium-plus":["http:\/\/radioclubedeinhapim.com.br\/wp-content\/uploads\/2024\/07\/Copia-de-Inserir-um-subtitulo-14-305x207.png",305,207,true],"cvmm-portrait":["http:\/\/radioclubedeinhapim.com.br\/wp-content\/uploads\/2024\/07\/Copia-de-Inserir-um-subtitulo-14-400x600.png",400,600,true],"cvmm-medium-square":["http:\/\/radioclubedeinhapim.com.br\/wp-content\/uploads\/2024\/07\/Copia-de-Inserir-um-subtitulo-14-600x600.png",600,600,true],"cvmm-large":["http:\/\/radioclubedeinhapim.com.br\/wp-content\/uploads\/2024\/07\/Copia-de-Inserir-um-subtitulo-14-1024x1024.png",1024,1024,true],"cvmm-small":["http:\/\/radioclubedeinhapim.com.br\/wp-content\/uploads\/2024\/07\/Copia-de-Inserir-um-subtitulo-14-130x95.png",130,95,true],"full":["http:\/\/radioclubedeinhapim.com.br\/wp-content\/uploads\/2024\/07\/Copia-de-Inserir-um-subtitulo-14.png",1080,1080,false]},"categories_names":{"5":{"name":"Not\u00edcias","link":"http:\/\/radioclubedeinhapim.com.br\/index.php\/category\/noticias\/"}},"tags_names":[],"comments_number":"0","_links":{"self":[{"href":"http:\/\/radioclubedeinhapim.com.br\/index.php\/wp-json\/wp\/v2\/posts\/592","targetHints":{"allow":["GET"]}}],"collection":[{"href":"http:\/\/radioclubedeinhapim.com.br\/index.php\/wp-json\/wp\/v2\/posts"}],"about":[{"href":"http:\/\/radioclubedeinhapim.com.br\/index.php\/wp-json\/wp\/v2\/types\/post"}],"author":[{"embeddable":true,"href":"http:\/\/radioclubedeinhapim.com.br\/index.php\/wp-json\/wp\/v2\/users\/2"}],"replies":[{"embeddable":true,"href":"http:\/\/radioclubedeinhapim.com.br\/index.php\/wp-json\/wp\/v2\/comments?post=592"}],"version-history":[{"count":1,"href":"http:\/\/radioclubedeinhapim.com.br\/index.php\/wp-json\/wp\/v2\/posts\/592\/revisions"}],"predecessor-version":[{"id":594,"href":"http:\/\/radioclubedeinhapim.com.br\/index.php\/wp-json\/wp\/v2\/posts\/592\/revisions\/594"}],"wp:featuredmedia":[{"embeddable":true,"href":"http:\/\/radioclubedeinhapim.com.br\/index.php\/wp-json\/wp\/v2\/media\/593"}],"wp:attachment":[{"href":"http:\/\/radioclubedeinhapim.com.br\/index.php\/wp-json\/wp\/v2\/media?parent=592"}],"wp:term":[{"taxonomy":"category","embeddable":true,"href":"http:\/\/radioclubedeinhapim.com.br\/index.php\/wp-json\/wp\/v2\/categories?post=592"},{"taxonomy":"post_tag","embeddable":true,"href":"http:\/\/radioclubedeinhapim.com.br\/index.php\/wp-json\/wp\/v2\/tags?post=592"}],"curies":[{"name":"wp","href":"https:\/\/api.w.org\/{rel}","templated":true}]}}