{"id":6506,"date":"2025-08-06T16:27:37","date_gmt":"2025-08-06T19:27:37","guid":{"rendered":"https:\/\/radioclubedeinhapim.com.br\/?p=6506"},"modified":"2025-08-06T16:27:37","modified_gmt":"2025-08-06T19:27:37","slug":"lula-rejeita-ligar-para-trump-nao-vou-me-humilhar","status":"publish","type":"post","link":"http:\/\/radioclubedeinhapim.com.br\/index.php\/2025\/08\/06\/lula-rejeita-ligar-para-trump-nao-vou-me-humilhar\/","title":{"rendered":"Lula rejeita ligar para Trump: &#8216;N\u00e3o vou me humilhar&#8217;"},"content":{"rendered":"\n<p>O presidente Luiz In\u00e1cio Lula da Silva afirmou, em entrevista \u00e0 ag\u00eancia de not\u00edcias Reuters, que s\u00f3 pretende ligar para o presidente dos Estados Unidos, Donald Trump, quando sentir que h\u00e1 disposi\u00e7\u00e3o real para di\u00e1logo.<\/p>\n\n\n\n<p>Lula e Trump, rivais pol\u00edticos, nunca conversaram.<\/p>\n\n\n\n<p>\u201cPode ter certeza de uma coisa: o dia que a minha intui\u00e7\u00e3o me disser que o Trump est\u00e1 disposto a conversar, eu n\u00e3o terei d\u00favida de ligar para ele. Mas hoje a minha intui\u00e7\u00e3o diz que ele n\u00e3o quer conversar. E eu n\u00e3o vou me humilhar\u201d, declarou Lula.<\/p>\n\n\n\n<p>A fala ocorre no momento em que o governo brasileiro enfrenta uma crise diplom\u00e1tica com os Estados Unidos ap\u00f3s o an\u00fancio de tarifas comerciais contra produtos brasileiros, medida adotada unilateralmente por Trump.<\/p>\n\n\n\n<p>A tarifa anunciada por Trump entrou em vigor nesta quarta-feira. Os EUA cobram uma sobretaxa de 50% para entrada de produtos brasileiros no pa\u00eds, a mais alta cobrada pelo governo norte-americano.<\/p>\n\n\n\n<p>Cerca de 35,9% das exporta\u00e7\u00f5es brasileiras aos EUA ser\u00e3o afetadas, segundo estimativa do Minist\u00e9rio do Desenvolvimento, Ind\u00fastria e Com\u00e9rcio (MDIC).<\/p>\n\n\n\n<p>A medida prev\u00ea uma longa lista de exce\u00e7\u00f5es como suco de laranja, aeronaves civis, petr\u00f3leo, ve\u00edculos e pe\u00e7as, fertilizantes e produtos energ\u00e9ticos. A carne e o caf\u00e9, contudo, est\u00e3o entre os produtos afetados.<\/p>\n\n\n\n<p>Ao ser questionado se a rela\u00e7\u00e3o entre Brasil e Estados Unidos vive hoje o pior momento dos \u00faltimos 200 anos, Lula disse que a crise atual tem origem clara.<\/p>\n\n\n\n<p>\u201cVamos colocar as coisas do jeito que elas aconteceram. O presidente Trump, categoricamente e publicamente, \u00e9 contra o multilateralismo. Ele prefere o unilateralismo. Prefere negociar pa\u00eds com pa\u00eds, em vez de negociar por meio da OMC.<\/p>\n\n\n\n<p>Nesta quarta, o Brasil acionou formalmente a OMC, a fim de iniciar um processo a respeito das tarifas. O governo brasileiro solicitou consultas aos EUA, etapa anterior \u00e0 eventual abertura de um painel, mecanismo de julgamento dentro da organiza\u00e7\u00e3o.<\/p>\n\n\n\n<p>A OMC, no entanto, est\u00e1 esvaziada e o pr\u00f3prio governo brasileiro entende que a chance de sucesso \u00e9 pequena.<\/p>\n\n\n\n<p><\/p>\n","protected":false},"excerpt":{"rendered":"<p>O presidente Luiz In\u00e1cio Lula da Silva afirmou, em entrevista \u00e0 ag\u00eancia de not\u00edcias Reuters, que s\u00f3 pretende ligar para o presidente dos Estados Unidos, Donald Trump, quando sentir que h\u00e1 disposi\u00e7\u00e3o real para di\u00e1logo. Lula e Trump, rivais pol\u00edticos, nunca conversaram. \u201cPode ter certeza de uma coisa: o dia que a minha intui\u00e7\u00e3o me [&hellip;]<\/p>\n","protected":false},"author":2,"featured_media":6507,"comment_status":"open","ping_status":"open","sticky":false,"template":"","format":"standard","meta":{"footnotes":""},"categories":[5],"tags":[],"class_list":["post-6506","post","type-post","status-publish","format-standard","has-post-thumbnail","hentry","category-noticias"],"wpmagazine_modules_lite_featured_media_urls":{"thumbnail":["http:\/\/radioclubedeinhapim.com.br\/wp-content\/uploads\/2025\/08\/Copia-de-Inserir-um-subtitulo-9-150x150.jpg",150,150,true],"cvmm-medium":["http:\/\/radioclubedeinhapim.com.br\/wp-content\/uploads\/2025\/08\/Copia-de-Inserir-um-subtitulo-9-300x300.jpg",300,300,true],"cvmm-medium-plus":["http:\/\/radioclubedeinhapim.com.br\/wp-content\/uploads\/2025\/08\/Copia-de-Inserir-um-subtitulo-9-305x207.jpg",305,207,true],"cvmm-portrait":["http:\/\/radioclubedeinhapim.com.br\/wp-content\/uploads\/2025\/08\/Copia-de-Inserir-um-subtitulo-9-400x600.jpg",400,600,true],"cvmm-medium-square":["http:\/\/radioclubedeinhapim.com.br\/wp-content\/uploads\/2025\/08\/Copia-de-Inserir-um-subtitulo-9-600x600.jpg",600,600,true],"cvmm-large":["http:\/\/radioclubedeinhapim.com.br\/wp-content\/uploads\/2025\/08\/Copia-de-Inserir-um-subtitulo-9-1024x1024.jpg",1024,1024,true],"cvmm-small":["http:\/\/radioclubedeinhapim.com.br\/wp-content\/uploads\/2025\/08\/Copia-de-Inserir-um-subtitulo-9-130x95.jpg",130,95,true],"full":["http:\/\/radioclubedeinhapim.com.br\/wp-content\/uploads\/2025\/08\/Copia-de-Inserir-um-subtitulo-9.jpg",1080,1080,false]},"categories_names":{"5":{"name":"Not\u00edcias","link":"http:\/\/radioclubedeinhapim.com.br\/index.php\/category\/noticias\/"}},"tags_names":[],"comments_number":"0","_links":{"self":[{"href":"http:\/\/radioclubedeinhapim.com.br\/index.php\/wp-json\/wp\/v2\/posts\/6506","targetHints":{"allow":["GET"]}}],"collection":[{"href":"http:\/\/radioclubedeinhapim.com.br\/index.php\/wp-json\/wp\/v2\/posts"}],"about":[{"href":"http:\/\/radioclubedeinhapim.com.br\/index.php\/wp-json\/wp\/v2\/types\/post"}],"author":[{"embeddable":true,"href":"http:\/\/radioclubedeinhapim.com.br\/index.php\/wp-json\/wp\/v2\/users\/2"}],"replies":[{"embeddable":true,"href":"http:\/\/radioclubedeinhapim.com.br\/index.php\/wp-json\/wp\/v2\/comments?post=6506"}],"version-history":[{"count":1,"href":"http:\/\/radioclubedeinhapim.com.br\/index.php\/wp-json\/wp\/v2\/posts\/6506\/revisions"}],"predecessor-version":[{"id":6508,"href":"http:\/\/radioclubedeinhapim.com.br\/index.php\/wp-json\/wp\/v2\/posts\/6506\/revisions\/6508"}],"wp:featuredmedia":[{"embeddable":true,"href":"http:\/\/radioclubedeinhapim.com.br\/index.php\/wp-json\/wp\/v2\/media\/6507"}],"wp:attachment":[{"href":"http:\/\/radioclubedeinhapim.com.br\/index.php\/wp-json\/wp\/v2\/media?parent=6506"}],"wp:term":[{"taxonomy":"category","embeddable":true,"href":"http:\/\/radioclubedeinhapim.com.br\/index.php\/wp-json\/wp\/v2\/categories?post=6506"},{"taxonomy":"post_tag","embeddable":true,"href":"http:\/\/radioclubedeinhapim.com.br\/index.php\/wp-json\/wp\/v2\/tags?post=6506"}],"curies":[{"name":"wp","href":"https:\/\/api.w.org\/{rel}","templated":true}]}}