{"id":6892,"date":"2025-09-06T10:36:31","date_gmt":"2025-09-06T13:36:31","guid":{"rendered":"https:\/\/radioclubedeinhapim.com.br\/?p=6892"},"modified":"2025-09-06T10:36:31","modified_gmt":"2025-09-06T13:36:31","slug":"menina-de-6-anos-e-resgatada-de-carcere-privado-em-sorocaba","status":"publish","type":"post","link":"http:\/\/radioclubedeinhapim.com.br\/index.php\/2025\/09\/06\/menina-de-6-anos-e-resgatada-de-carcere-privado-em-sorocaba\/","title":{"rendered":"Menina de 6 anos \u00e9 resgatada de c\u00e1rcere privado em Sorocaba"},"content":{"rendered":"\n<p>Uma crian\u00e7a de seis anos foi resgatada de um c\u00e1rcere privado no Jardim Santa Esmeralda, em Sorocaba (SP). Os pais da menina foram presos nesta quinta-feira (4).<\/p>\n\n\n\n<p>A menina, que foi localizada ap\u00f3s uma den\u00fancia an\u00f4nima, foi encaminhada para o Conselho Tutelar, acolhida em um abrigo. A v\u00edtima n\u00e3o sabia se comunicar e s\u00f3 gritava.<\/p>\n\n\n\n<p>De acordo com a Pol\u00edcia Civil, a crian\u00e7a nunca teve acesso \u00e0 escola, vacina\u00e7\u00e3o ou qualquer atendimento de sa\u00fade, e tamb\u00e9m n\u00e3o tinha contato com o mundo externo. A corpora\u00e7\u00e3o tamb\u00e9m informou que a menina n\u00e3o se alimentava com comida s\u00f3lida e n\u00e3o teve o cabelo lavado.<\/p>\n\n\n\n<p>Os policiais apreenderam os celulares dos suspeitos. Ap\u00f3s a pris\u00e3o em flagrante, a mulher, de 45 anos, e o homem, de 54, foram encaminhados para a Delegacia de Defesa da Mulher (DDM). Segundo a Pol\u00edcia Civil, o casal n\u00e3o tem outros filhos.<\/p>\n\n\n\n<p>De acordo com a delegada da DDM, Renata Zanin, a m\u00e3e foi ouvida informalmente e demonstrou n\u00e3o compreender a gravidade dos crimes. A Pol\u00edcia Civil pediu a pris\u00e3o tempor\u00e1ria do casal.<\/p>\n","protected":false},"excerpt":{"rendered":"<p>Uma crian\u00e7a de seis anos foi resgatada de um c\u00e1rcere privado no Jardim Santa Esmeralda, em Sorocaba (SP). Os pais da menina foram presos nesta quinta-feira (4). A menina, que foi localizada ap\u00f3s uma den\u00fancia an\u00f4nima, foi encaminhada para o Conselho Tutelar, acolhida em um abrigo. A v\u00edtima n\u00e3o sabia se comunicar e s\u00f3 gritava. [&hellip;]<\/p>\n","protected":false},"author":2,"featured_media":6893,"comment_status":"open","ping_status":"open","sticky":false,"template":"","format":"standard","meta":{"footnotes":""},"categories":[5],"tags":[],"class_list":["post-6892","post","type-post","status-publish","format-standard","has-post-thumbnail","hentry","category-noticias"],"wpmagazine_modules_lite_featured_media_urls":{"thumbnail":["http:\/\/radioclubedeinhapim.com.br\/wp-content\/uploads\/2025\/09\/gg-150x150.jpg",150,150,true],"cvmm-medium":["http:\/\/radioclubedeinhapim.com.br\/wp-content\/uploads\/2025\/09\/gg-300x300.jpg",300,300,true],"cvmm-medium-plus":["http:\/\/radioclubedeinhapim.com.br\/wp-content\/uploads\/2025\/09\/gg-305x207.jpg",305,207,true],"cvmm-portrait":["http:\/\/radioclubedeinhapim.com.br\/wp-content\/uploads\/2025\/09\/gg-400x600.jpg",400,600,true],"cvmm-medium-square":["http:\/\/radioclubedeinhapim.com.br\/wp-content\/uploads\/2025\/09\/gg-600x600.jpg",600,600,true],"cvmm-large":["http:\/\/radioclubedeinhapim.com.br\/wp-content\/uploads\/2025\/09\/gg-1024x1024.jpg",1024,1024,true],"cvmm-small":["http:\/\/radioclubedeinhapim.com.br\/wp-content\/uploads\/2025\/09\/gg-130x95.jpg",130,95,true],"full":["http:\/\/radioclubedeinhapim.com.br\/wp-content\/uploads\/2025\/09\/gg.jpg",1080,1080,false]},"categories_names":{"5":{"name":"Not\u00edcias","link":"http:\/\/radioclubedeinhapim.com.br\/index.php\/category\/noticias\/"}},"tags_names":[],"comments_number":"0","_links":{"self":[{"href":"http:\/\/radioclubedeinhapim.com.br\/index.php\/wp-json\/wp\/v2\/posts\/6892","targetHints":{"allow":["GET"]}}],"collection":[{"href":"http:\/\/radioclubedeinhapim.com.br\/index.php\/wp-json\/wp\/v2\/posts"}],"about":[{"href":"http:\/\/radioclubedeinhapim.com.br\/index.php\/wp-json\/wp\/v2\/types\/post"}],"author":[{"embeddable":true,"href":"http:\/\/radioclubedeinhapim.com.br\/index.php\/wp-json\/wp\/v2\/users\/2"}],"replies":[{"embeddable":true,"href":"http:\/\/radioclubedeinhapim.com.br\/index.php\/wp-json\/wp\/v2\/comments?post=6892"}],"version-history":[{"count":1,"href":"http:\/\/radioclubedeinhapim.com.br\/index.php\/wp-json\/wp\/v2\/posts\/6892\/revisions"}],"predecessor-version":[{"id":6894,"href":"http:\/\/radioclubedeinhapim.com.br\/index.php\/wp-json\/wp\/v2\/posts\/6892\/revisions\/6894"}],"wp:featuredmedia":[{"embeddable":true,"href":"http:\/\/radioclubedeinhapim.com.br\/index.php\/wp-json\/wp\/v2\/media\/6893"}],"wp:attachment":[{"href":"http:\/\/radioclubedeinhapim.com.br\/index.php\/wp-json\/wp\/v2\/media?parent=6892"}],"wp:term":[{"taxonomy":"category","embeddable":true,"href":"http:\/\/radioclubedeinhapim.com.br\/index.php\/wp-json\/wp\/v2\/categories?post=6892"},{"taxonomy":"post_tag","embeddable":true,"href":"http:\/\/radioclubedeinhapim.com.br\/index.php\/wp-json\/wp\/v2\/tags?post=6892"}],"curies":[{"name":"wp","href":"https:\/\/api.w.org\/{rel}","templated":true}]}}