{"id":7337,"date":"2025-10-11T12:08:26","date_gmt":"2025-10-11T15:08:26","guid":{"rendered":"https:\/\/radioclubedeinhapim.com.br\/?p=7337"},"modified":"2025-10-11T12:08:26","modified_gmt":"2025-10-11T15:08:26","slug":"justica-mantem-cantor-relber-preso-apos-nova-denuncia-por-posse-de-municoes-em-ipatinga","status":"publish","type":"post","link":"http:\/\/radioclubedeinhapim.com.br\/index.php\/2025\/10\/11\/justica-mantem-cantor-relber-preso-apos-nova-denuncia-por-posse-de-municoes-em-ipatinga\/","title":{"rendered":"Justi\u00e7a mant\u00e9m cantor Relber preso ap\u00f3s nova den\u00fancia por posse de muni\u00e7\u00f5es em Ipatinga"},"content":{"rendered":"\n<p>O cantor Relber Andr\u00e9 Pereira Costa, de 44 anos, voltou a ser alvo do Minist\u00e9rio P\u00fablico de Minas Gerais (MPMG), que apresentou uma nova den\u00fancia contra ele, divulgada nesta sexta-feira (10), desta vez por posse irregular de muni\u00e7\u00f5es. O material foi encontrado durante uma opera\u00e7\u00e3o da pol\u00edcia no fim de agosto, no apartamento onde ele vivia em Ipatinga, no bairro Cana\u00e3.<\/p>\n\n\n\n<p>Mesmo j\u00e1 estando preso por outro processo, Relber passou a responder tamb\u00e9m por guardar muni\u00e7\u00f5es proibidas por lei. Segundo o Minist\u00e9rio P\u00fablico, foram encontradas em casa:<\/p>\n\n\n\n<p>01 muni\u00e7\u00e3o de calibre .45 ACP (considerado de uso restrito, ou seja, s\u00f3 pode ser usado por for\u00e7as de seguran\u00e7a);<br>44 muni\u00e7\u00f5es de calibre .22;<br>01 muni\u00e7\u00e3o de calibre 12.<br>A per\u00edcia confirmou que as balas estavam em bom estado, com capacidade para disparos.<\/p>\n\n\n\n<p>Logo ap\u00f3s a apreens\u00e3o das muni\u00e7\u00f5es, o Minist\u00e9rio P\u00fablico pediu a pris\u00e3o preventiva do cantor, mas a Justi\u00e7a negou o pedido na primeira an\u00e1lise.<\/p>\n\n\n\n<p>O MP recorreu, destacando que Relber j\u00e1 tem outras condena\u00e7\u00f5es e responde por crimes semelhantes, al\u00e9m de ter sido denunciado dias antes por tentar matar quatro pessoas em um acidente de tr\u00e2nsito.<\/p>\n\n\n\n<p>Ao analisar novamente o caso, o juiz aceitou os argumentos do Minist\u00e9rio P\u00fablico e determinou a pris\u00e3o preventiva. A medida \u00e9 usada para garantir a seguran\u00e7a da sociedade durante o andamento do processo.<\/p>\n\n\n\n<p>Com isso, Relber continuou preso no CERESP de Ipatinga, onde j\u00e1 est\u00e1 recolhido desde o in\u00edcio de outubro.<\/p>\n","protected":false},"excerpt":{"rendered":"<p>O cantor Relber Andr\u00e9 Pereira Costa, de 44 anos, voltou a ser alvo do Minist\u00e9rio P\u00fablico de Minas Gerais (MPMG), que apresentou uma nova den\u00fancia contra ele, divulgada nesta sexta-feira (10), desta vez por posse irregular de muni\u00e7\u00f5es. O material foi encontrado durante uma opera\u00e7\u00e3o da pol\u00edcia no fim de agosto, no apartamento onde ele [&hellip;]<\/p>\n","protected":false},"author":2,"featured_media":7338,"comment_status":"open","ping_status":"open","sticky":false,"template":"","format":"standard","meta":{"footnotes":""},"categories":[5],"tags":[],"class_list":["post-7337","post","type-post","status-publish","format-standard","has-post-thumbnail","hentry","category-noticias"],"wpmagazine_modules_lite_featured_media_urls":{"thumbnail":["http:\/\/radioclubedeinhapim.com.br\/wp-content\/uploads\/2025\/10\/22-150x150.jpg",150,150,true],"cvmm-medium":["http:\/\/radioclubedeinhapim.com.br\/wp-content\/uploads\/2025\/10\/22-300x300.jpg",300,300,true],"cvmm-medium-plus":["http:\/\/radioclubedeinhapim.com.br\/wp-content\/uploads\/2025\/10\/22-305x207.jpg",305,207,true],"cvmm-portrait":["http:\/\/radioclubedeinhapim.com.br\/wp-content\/uploads\/2025\/10\/22-400x600.jpg",400,600,true],"cvmm-medium-square":["http:\/\/radioclubedeinhapim.com.br\/wp-content\/uploads\/2025\/10\/22-600x600.jpg",600,600,true],"cvmm-large":["http:\/\/radioclubedeinhapim.com.br\/wp-content\/uploads\/2025\/10\/22-1024x1024.jpg",1024,1024,true],"cvmm-small":["http:\/\/radioclubedeinhapim.com.br\/wp-content\/uploads\/2025\/10\/22-130x95.jpg",130,95,true],"full":["http:\/\/radioclubedeinhapim.com.br\/wp-content\/uploads\/2025\/10\/22.jpg",1080,1080,false]},"categories_names":{"5":{"name":"Not\u00edcias","link":"http:\/\/radioclubedeinhapim.com.br\/index.php\/category\/noticias\/"}},"tags_names":[],"comments_number":"0","_links":{"self":[{"href":"http:\/\/radioclubedeinhapim.com.br\/index.php\/wp-json\/wp\/v2\/posts\/7337","targetHints":{"allow":["GET"]}}],"collection":[{"href":"http:\/\/radioclubedeinhapim.com.br\/index.php\/wp-json\/wp\/v2\/posts"}],"about":[{"href":"http:\/\/radioclubedeinhapim.com.br\/index.php\/wp-json\/wp\/v2\/types\/post"}],"author":[{"embeddable":true,"href":"http:\/\/radioclubedeinhapim.com.br\/index.php\/wp-json\/wp\/v2\/users\/2"}],"replies":[{"embeddable":true,"href":"http:\/\/radioclubedeinhapim.com.br\/index.php\/wp-json\/wp\/v2\/comments?post=7337"}],"version-history":[{"count":1,"href":"http:\/\/radioclubedeinhapim.com.br\/index.php\/wp-json\/wp\/v2\/posts\/7337\/revisions"}],"predecessor-version":[{"id":7339,"href":"http:\/\/radioclubedeinhapim.com.br\/index.php\/wp-json\/wp\/v2\/posts\/7337\/revisions\/7339"}],"wp:featuredmedia":[{"embeddable":true,"href":"http:\/\/radioclubedeinhapim.com.br\/index.php\/wp-json\/wp\/v2\/media\/7338"}],"wp:attachment":[{"href":"http:\/\/radioclubedeinhapim.com.br\/index.php\/wp-json\/wp\/v2\/media?parent=7337"}],"wp:term":[{"taxonomy":"category","embeddable":true,"href":"http:\/\/radioclubedeinhapim.com.br\/index.php\/wp-json\/wp\/v2\/categories?post=7337"},{"taxonomy":"post_tag","embeddable":true,"href":"http:\/\/radioclubedeinhapim.com.br\/index.php\/wp-json\/wp\/v2\/tags?post=7337"}],"curies":[{"name":"wp","href":"https:\/\/api.w.org\/{rel}","templated":true}]}}