{"id":752,"date":"2024-07-16T11:49:22","date_gmt":"2024-07-16T14:49:22","guid":{"rendered":"https:\/\/radioclubedeinhapim.com.br\/?p=752"},"modified":"2024-07-16T11:49:22","modified_gmt":"2024-07-16T14:49:22","slug":"van-escolar-e-consumida-por-incendio-na-br-381-em-ipatinga","status":"publish","type":"post","link":"http:\/\/radioclubedeinhapim.com.br\/index.php\/2024\/07\/16\/van-escolar-e-consumida-por-incendio-na-br-381-em-ipatinga\/","title":{"rendered":"Van escolar \u00e9 consumida por inc\u00eandio na BR-381 em Ipatinga"},"content":{"rendered":"\n<p>Uma van escolar foi completamente destru\u00edda por um inc\u00eandio na manh\u00e3 desta ter\u00e7a-feira (16) na BR-381, no bairro Veneza, em Ipatinga.<\/p>\n\n\n\n<p>O fogo come\u00e7ou enquanto o ve\u00edculo seguia no sentido Santana do Para\u00edso e o motorista, que estava sozinho na van, n\u00e3o se feriu.<\/p>\n\n\n\n<p>De <a><\/a>acordo com informa\u00e7\u00f5es, o inc\u00eandio teve in\u00edcio por volta das 7h30 da manh\u00e3, quando a van escolar trafegava pela BR-381. O motorista percebeu o fogo e parou o ve\u00edculo no acostamento. As chamas se alastraram rapidamente e consumiram a van por completo.<\/p>\n\n\n\n<p>Conforme o motorista, ele faz uma rota que come\u00e7a pelo bairro Igua\u00e7u e passa por alguns locais como Col\u00e9gio Tiradentes, Col\u00e9gio Adventista e Escola Estadual Jo\u00e3o Walmick, durante esta rota a van teve uma pane, no momento em que ele estava sozinho no ve\u00edculo.<\/p>\n\n\n\n<p>Ainda de acordo com o trabalhador, ap\u00f3s o fato, come\u00e7ou um fogo embaixo do ve\u00edculo e, de forma muito r\u00e1pida, as portas travaram e o inc\u00eandio se alastrou. Apesar do fato, ele afirmou estar bem e sem ferimentos.<\/p>\n\n\n\n<p>O Corpo de Bombeiros foi acionado e rapidamente chegou ao local. Com o aux\u00edlio de dois caminh\u00f5es pipas da Prefeitura de Ipatinga, os bombeiros controlaram o inc\u00eandio e eliminaram os riscos de reigni\u00e7\u00e3o.<\/p>\n\n\n\n<p>Vale 24H<\/p>\n","protected":false},"excerpt":{"rendered":"<p>Uma van escolar foi completamente destru\u00edda por um inc\u00eandio na manh\u00e3 desta ter\u00e7a-feira (16) na BR-381, no bairro Veneza, em Ipatinga. O fogo come\u00e7ou enquanto o ve\u00edculo seguia no sentido Santana do Para\u00edso e o motorista, que estava sozinho na van, n\u00e3o se feriu. De acordo com informa\u00e7\u00f5es, o inc\u00eandio teve in\u00edcio por volta das [&hellip;]<\/p>\n","protected":false},"author":2,"featured_media":753,"comment_status":"open","ping_status":"open","sticky":false,"template":"","format":"standard","meta":{"footnotes":""},"categories":[5],"tags":[],"class_list":["post-752","post","type-post","status-publish","format-standard","has-post-thumbnail","hentry","category-noticias"],"wpmagazine_modules_lite_featured_media_urls":{"thumbnail":["http:\/\/radioclubedeinhapim.com.br\/wp-content\/uploads\/2024\/07\/Copia-de-Inserir-um-subtitulo-71-150x150.jpg",150,150,true],"cvmm-medium":["http:\/\/radioclubedeinhapim.com.br\/wp-content\/uploads\/2024\/07\/Copia-de-Inserir-um-subtitulo-71-300x300.jpg",300,300,true],"cvmm-medium-plus":["http:\/\/radioclubedeinhapim.com.br\/wp-content\/uploads\/2024\/07\/Copia-de-Inserir-um-subtitulo-71-305x207.jpg",305,207,true],"cvmm-portrait":["http:\/\/radioclubedeinhapim.com.br\/wp-content\/uploads\/2024\/07\/Copia-de-Inserir-um-subtitulo-71-400x600.jpg",400,600,true],"cvmm-medium-square":["http:\/\/radioclubedeinhapim.com.br\/wp-content\/uploads\/2024\/07\/Copia-de-Inserir-um-subtitulo-71-600x600.jpg",600,600,true],"cvmm-large":["http:\/\/radioclubedeinhapim.com.br\/wp-content\/uploads\/2024\/07\/Copia-de-Inserir-um-subtitulo-71-1024x1024.jpg",1024,1024,true],"cvmm-small":["http:\/\/radioclubedeinhapim.com.br\/wp-content\/uploads\/2024\/07\/Copia-de-Inserir-um-subtitulo-71-130x95.jpg",130,95,true],"full":["http:\/\/radioclubedeinhapim.com.br\/wp-content\/uploads\/2024\/07\/Copia-de-Inserir-um-subtitulo-71.jpg",1080,1080,false]},"categories_names":{"5":{"name":"Not\u00edcias","link":"http:\/\/radioclubedeinhapim.com.br\/index.php\/category\/noticias\/"}},"tags_names":[],"comments_number":"0","_links":{"self":[{"href":"http:\/\/radioclubedeinhapim.com.br\/index.php\/wp-json\/wp\/v2\/posts\/752","targetHints":{"allow":["GET"]}}],"collection":[{"href":"http:\/\/radioclubedeinhapim.com.br\/index.php\/wp-json\/wp\/v2\/posts"}],"about":[{"href":"http:\/\/radioclubedeinhapim.com.br\/index.php\/wp-json\/wp\/v2\/types\/post"}],"author":[{"embeddable":true,"href":"http:\/\/radioclubedeinhapim.com.br\/index.php\/wp-json\/wp\/v2\/users\/2"}],"replies":[{"embeddable":true,"href":"http:\/\/radioclubedeinhapim.com.br\/index.php\/wp-json\/wp\/v2\/comments?post=752"}],"version-history":[{"count":1,"href":"http:\/\/radioclubedeinhapim.com.br\/index.php\/wp-json\/wp\/v2\/posts\/752\/revisions"}],"predecessor-version":[{"id":754,"href":"http:\/\/radioclubedeinhapim.com.br\/index.php\/wp-json\/wp\/v2\/posts\/752\/revisions\/754"}],"wp:featuredmedia":[{"embeddable":true,"href":"http:\/\/radioclubedeinhapim.com.br\/index.php\/wp-json\/wp\/v2\/media\/753"}],"wp:attachment":[{"href":"http:\/\/radioclubedeinhapim.com.br\/index.php\/wp-json\/wp\/v2\/media?parent=752"}],"wp:term":[{"taxonomy":"category","embeddable":true,"href":"http:\/\/radioclubedeinhapim.com.br\/index.php\/wp-json\/wp\/v2\/categories?post=752"},{"taxonomy":"post_tag","embeddable":true,"href":"http:\/\/radioclubedeinhapim.com.br\/index.php\/wp-json\/wp\/v2\/tags?post=752"}],"curies":[{"name":"wp","href":"https:\/\/api.w.org\/{rel}","templated":true}]}}