{"id":814,"date":"2024-07-18T10:33:52","date_gmt":"2024-07-18T13:33:52","guid":{"rendered":"https:\/\/radioclubedeinhapim.com.br\/?p=814"},"modified":"2024-07-18T10:33:52","modified_gmt":"2024-07-18T13:33:52","slug":"homem-surta-mata-idosa-acamada-com-golpes-de-cortador-de-unhas-e-comete-suicidio-em-ipatinga","status":"publish","type":"post","link":"http:\/\/radioclubedeinhapim.com.br\/index.php\/2024\/07\/18\/homem-surta-mata-idosa-acamada-com-golpes-de-cortador-de-unhas-e-comete-suicidio-em-ipatinga\/","title":{"rendered":"Homem surta, mata Idosa acamada com golpes de cortador de unhas e comete suic\u00eddio em Ipatinga"},"content":{"rendered":"\n<p>Uma idosa acamada, de 88 anos, foi assassinada por um homem, de 28 anos, dentro do apartamento onde morava, na noite dessa quarta-feira (17), no bairro Parque das \u00c1guas, em Ipatinga. O assassino pulou do pr\u00e9dio em seguida e n\u00e3o resistiu aos ferimentos. Segundo a per\u00edcia, ele usou um cortador de unhas para matar a v\u00edtima.<\/p>\n\n\n\n<p>Quando os policiais chegaram no local, encontraram Amauri <a><\/a>Canuto de Ara\u00fajo ca\u00eddo, sem roupas, na garagem do pr\u00e9dio.<\/p>\n\n\n\n<p>Os policiais se deslocaram at\u00e9 o apartamento onde duas mulheres gritavam pedindo socorro. A porta estava trancada e elas n\u00e3o conseguiam abrir.<\/p>\n\n\n\n<p>Os militares arrombaram a porta e encontraram as moradoras, de 84 e 53 anos, em p\u00e2nico.<\/p>\n\n\n\n<p>Dentro do quarto, estava Maria Ferreira Cezar, na cama, com o rosto desfugurado, j\u00e1 sem vida.<\/p>\n\n\n\n<p>Segundo o boletim de ocorr\u00eancia, uma testemunha contou que o assassino estava na garagem do pr\u00e9dio, aparentemente sob efeito de drogas, muito exaltado, gritando, dando socos no vidro e abriu o registro de \u00e1gua do im\u00f3vel.<\/p>\n\n\n\n<p>Por causa do barulho, a idosa, de 84 anos, que tem alzheimer, chegou na varanda do apartamento e gritou para que o homem parasse de bater no vidro. Amauri ent\u00e3o subiu correndo as escadas e encontrou a porta do apartamento aberta e entrou.<\/p>\n\n\n\n<p>A testemunha contou que tem o h\u00e1bito deixar a passagem aberta, porque deixa livre a entrada do gato que tem de estima\u00e7\u00e3o.<\/p>\n\n\n\n<p>J\u00e1 dentro do im\u00f3vel, o homem foi at\u00e9 o quarto onde a Maria que era acamada estava. As mulheres que estavam dentro do apartamento ouviram gritos e barulhos e correram para a varanda para pedir socorro.<\/p>\n\n\n\n<p>Neste momento elas foram informadas por pessoas que estavam na rua que Amauri j\u00e1 n\u00e3o estava mais dentro do im\u00f3vel.<\/p>\n\n\n\n<p>Uma das moradoras voltou e trancou a porta da sala. Quando os militares chegaram, a v\u00edtima falava que n\u00e3o sabia onde as chaves estavam para abrir. Foi preciso arrombar a porta.<\/p>\n\n\n\n<p>J\u00e1 dentro do apartamento, os policiais encontraram a idosa morta na cama e comunicaram \u00e0s mulheres.<\/p>\n\n\n\n<p>No apartamento do assassino, que tamb\u00e9m morava no pr\u00e9dio, no terceiro andar, os policiais encontraram a porta arrombada, aparentemente pelo autor, que ap\u00f3s matar Maria, subiu para o apartamento dele, se lavou, pulando da varanda em seguida. Ele morreu na hora.<\/p>\n\n\n\n<p>Uma equipe do SAMU compareceu ao local e constatou a morte de Maria e Amauri.<\/p>\n\n\n\n<p>A per\u00edcia informou que a idosa tinha uma les\u00e3o grave no rosto e que foi encontrado um cortador de unhas sujo de sangue, provavelmente usado pelo assassino para matar a v\u00edtima. O instrumento foi recolhido pela per\u00edcia.<\/p>\n\n\n\n<p>Amauri teve fraturas nas duas pernas e trauma na cabe\u00e7a. Ap\u00f3s pular da varanda, ele bateu a cabe\u00e7a no muro e depois caiu no ch\u00e3o da garagem.<\/p>\n\n\n\n<p>Os corpos foram repassados a uma funer\u00e1ria e posteriormente ao IML de Ipatinga.<\/p>\n","protected":false},"excerpt":{"rendered":"<p>Uma idosa acamada, de 88 anos, foi assassinada por um homem, de 28 anos, dentro do apartamento onde morava, na noite dessa quarta-feira (17), no bairro Parque das \u00c1guas, em Ipatinga. O assassino pulou do pr\u00e9dio em seguida e n\u00e3o resistiu aos ferimentos. Segundo a per\u00edcia, ele usou um cortador de unhas para matar a [&hellip;]<\/p>\n","protected":false},"author":2,"featured_media":815,"comment_status":"open","ping_status":"open","sticky":false,"template":"","format":"standard","meta":{"footnotes":""},"categories":[5],"tags":[],"class_list":["post-814","post","type-post","status-publish","format-standard","has-post-thumbnail","hentry","category-noticias"],"wpmagazine_modules_lite_featured_media_urls":{"thumbnail":["http:\/\/radioclubedeinhapim.com.br\/wp-content\/uploads\/2024\/07\/Copia-de-Inserir-um-subtitulo-90-150x150.jpg",150,150,true],"cvmm-medium":["http:\/\/radioclubedeinhapim.com.br\/wp-content\/uploads\/2024\/07\/Copia-de-Inserir-um-subtitulo-90-300x300.jpg",300,300,true],"cvmm-medium-plus":["http:\/\/radioclubedeinhapim.com.br\/wp-content\/uploads\/2024\/07\/Copia-de-Inserir-um-subtitulo-90-305x207.jpg",305,207,true],"cvmm-portrait":["http:\/\/radioclubedeinhapim.com.br\/wp-content\/uploads\/2024\/07\/Copia-de-Inserir-um-subtitulo-90-400x600.jpg",400,600,true],"cvmm-medium-square":["http:\/\/radioclubedeinhapim.com.br\/wp-content\/uploads\/2024\/07\/Copia-de-Inserir-um-subtitulo-90-600x600.jpg",600,600,true],"cvmm-large":["http:\/\/radioclubedeinhapim.com.br\/wp-content\/uploads\/2024\/07\/Copia-de-Inserir-um-subtitulo-90-1024x1024.jpg",1024,1024,true],"cvmm-small":["http:\/\/radioclubedeinhapim.com.br\/wp-content\/uploads\/2024\/07\/Copia-de-Inserir-um-subtitulo-90-130x95.jpg",130,95,true],"full":["http:\/\/radioclubedeinhapim.com.br\/wp-content\/uploads\/2024\/07\/Copia-de-Inserir-um-subtitulo-90.jpg",1080,1080,false]},"categories_names":{"5":{"name":"Not\u00edcias","link":"http:\/\/radioclubedeinhapim.com.br\/index.php\/category\/noticias\/"}},"tags_names":[],"comments_number":"0","_links":{"self":[{"href":"http:\/\/radioclubedeinhapim.com.br\/index.php\/wp-json\/wp\/v2\/posts\/814","targetHints":{"allow":["GET"]}}],"collection":[{"href":"http:\/\/radioclubedeinhapim.com.br\/index.php\/wp-json\/wp\/v2\/posts"}],"about":[{"href":"http:\/\/radioclubedeinhapim.com.br\/index.php\/wp-json\/wp\/v2\/types\/post"}],"author":[{"embeddable":true,"href":"http:\/\/radioclubedeinhapim.com.br\/index.php\/wp-json\/wp\/v2\/users\/2"}],"replies":[{"embeddable":true,"href":"http:\/\/radioclubedeinhapim.com.br\/index.php\/wp-json\/wp\/v2\/comments?post=814"}],"version-history":[{"count":1,"href":"http:\/\/radioclubedeinhapim.com.br\/index.php\/wp-json\/wp\/v2\/posts\/814\/revisions"}],"predecessor-version":[{"id":816,"href":"http:\/\/radioclubedeinhapim.com.br\/index.php\/wp-json\/wp\/v2\/posts\/814\/revisions\/816"}],"wp:featuredmedia":[{"embeddable":true,"href":"http:\/\/radioclubedeinhapim.com.br\/index.php\/wp-json\/wp\/v2\/media\/815"}],"wp:attachment":[{"href":"http:\/\/radioclubedeinhapim.com.br\/index.php\/wp-json\/wp\/v2\/media?parent=814"}],"wp:term":[{"taxonomy":"category","embeddable":true,"href":"http:\/\/radioclubedeinhapim.com.br\/index.php\/wp-json\/wp\/v2\/categories?post=814"},{"taxonomy":"post_tag","embeddable":true,"href":"http:\/\/radioclubedeinhapim.com.br\/index.php\/wp-json\/wp\/v2\/tags?post=814"}],"curies":[{"name":"wp","href":"https:\/\/api.w.org\/{rel}","templated":true}]}}