{"id":9279,"date":"2026-03-04T12:40:23","date_gmt":"2026-03-04T15:40:23","guid":{"rendered":"https:\/\/radioclubedeinhapim.com.br\/?p=9279"},"modified":"2026-03-04T12:40:23","modified_gmt":"2026-03-04T15:40:23","slug":"caratinga-e-piedade-de-caratinga-policia-militar-prende-dois-foragidos-da-justica","status":"publish","type":"post","link":"http:\/\/radioclubedeinhapim.com.br\/index.php\/2026\/03\/04\/caratinga-e-piedade-de-caratinga-policia-militar-prende-dois-foragidos-da-justica\/","title":{"rendered":"CARATINGA E PIEDADE DE CARATINGA: POL\u00cdCIA MILITAR PRENDE DOIS FORAGIDOS DA JUSTI\u00c7A"},"content":{"rendered":"\n<p>A Pol\u00edcia Militar de Minas Gerais, por meio do 62\u00ba Batalh\u00e3o, realizou duas pris\u00f5es de foragidos da Justi\u00e7a entre a noite de ter\u00e7a-feira (03\/03\/2026) e a madrugada desta quarta-feira (04\/03\/2026), nos munic\u00edpios de Caratinga e Piedade de Caratinga.<\/p>\n\n\n\n<p>Em Caratinga, no in\u00edcio da madrugada desta quarta-feira (04), um homem de 45 anos foi preso na Avenida Oleg\u00e1rio Maciel, na regi\u00e3o central da cidade. Durante patrulhamento preventivo direcionado \u00e0 sua localiza\u00e7\u00e3o, os militares conseguiram abord\u00e1-lo. Na busca pessoal, nada de il\u00edcito foi encontrado.<\/p>\n\n\n\n<p>O suspeito tentou enganar a equipe policial ao informar nome falso. Ap\u00f3s consulta ao sistema informatizado e uso de ferramenta de reconhecimento facial, foi confirmada sua verdadeira identidade. Um dos militares tamb\u00e9m reconheceu uma tatuagem no bra\u00e7o do abordado, compat\u00edvel com os registros policiais.<\/p>\n\n\n\n<p>Segundo a Pol\u00edcia Militar, o homem possui extensa ficha criminal, com registros relacionados aos artigos 155 (furto), 168 (apropria\u00e7\u00e3o ind\u00e9bita), 129 (les\u00e3o corporal), 329 (resist\u00eancia), 330 (desobedi\u00eancia), 331 (desacato), 147 (amea\u00e7a), 171 (estelionato) e 157 (roubo) do C\u00f3digo Penal, al\u00e9m de registros na Lei de Contraven\u00e7\u00f5es Penais (Decreto-Lei 3.688\/41).. Constatado o mandado de pris\u00e3o em aberto, ele recebeu voz de pris\u00e3o e foi conduzido \u00e0 Delegacia de Pol\u00edcia Civil para as provid\u00eancias legais.<\/p>\n\n\n\n<p>J\u00e1 em Piedade de Caratinga, na ter\u00e7a-feira (03), um homem de 22 anos foi preso ap\u00f3s den\u00fancia informar que ele possu\u00eda dois mandados de pris\u00e3o em aberto. Os militares iniciaram dilig\u00eancias e o localizaram em um bar no bairro S\u00e3o Jos\u00e9, local conhecido por ocorr\u00eancias relacionadas ao tr\u00e1fico de drogas.<\/p>\n\n\n\n<p>Durante a consulta ao sistema, foram confirmadas as ordens judiciais. O jovem possui registros anteriores por tr\u00e1fico de drogas, recepta\u00e7\u00e3o e embriaguez ao volante. Ele foi encaminhado \u00e0 Delegacia da Pol\u00edcia Civil.<\/p>\n\n\n\n<p>A Pol\u00edcia Militar destacou a import\u00e2ncia das den\u00fancias an\u00f4nimas e refor\u00e7ou que a colabora\u00e7\u00e3o da popula\u00e7\u00e3o \u00e9 fundamental para a seguran\u00e7a p\u00fablica.<\/p>\n","protected":false},"excerpt":{"rendered":"<p>A Pol\u00edcia Militar de Minas Gerais, por meio do 62\u00ba Batalh\u00e3o, realizou duas pris\u00f5es de foragidos da Justi\u00e7a entre a noite de ter\u00e7a-feira (03\/03\/2026) e a madrugada desta quarta-feira (04\/03\/2026), nos munic\u00edpios de Caratinga e Piedade de Caratinga. Em Caratinga, no in\u00edcio da madrugada desta quarta-feira (04), um homem de 45 anos foi preso na [&hellip;]<\/p>\n","protected":false},"author":2,"featured_media":9280,"comment_status":"open","ping_status":"open","sticky":false,"template":"","format":"standard","meta":{"footnotes":""},"categories":[5],"tags":[],"class_list":["post-9279","post","type-post","status-publish","format-standard","has-post-thumbnail","hentry","category-noticias"],"wpmagazine_modules_lite_featured_media_urls":{"thumbnail":["http:\/\/radioclubedeinhapim.com.br\/wp-content\/uploads\/2026\/03\/Copia-de-Inserir-um-subtitulo-2026-03-04T113135.195-150x150.jpg",150,150,true],"cvmm-medium":["http:\/\/radioclubedeinhapim.com.br\/wp-content\/uploads\/2026\/03\/Copia-de-Inserir-um-subtitulo-2026-03-04T113135.195-300x300.jpg",300,300,true],"cvmm-medium-plus":["http:\/\/radioclubedeinhapim.com.br\/wp-content\/uploads\/2026\/03\/Copia-de-Inserir-um-subtitulo-2026-03-04T113135.195-305x207.jpg",305,207,true],"cvmm-portrait":["http:\/\/radioclubedeinhapim.com.br\/wp-content\/uploads\/2026\/03\/Copia-de-Inserir-um-subtitulo-2026-03-04T113135.195-400x600.jpg",400,600,true],"cvmm-medium-square":["http:\/\/radioclubedeinhapim.com.br\/wp-content\/uploads\/2026\/03\/Copia-de-Inserir-um-subtitulo-2026-03-04T113135.195-600x600.jpg",600,600,true],"cvmm-large":["http:\/\/radioclubedeinhapim.com.br\/wp-content\/uploads\/2026\/03\/Copia-de-Inserir-um-subtitulo-2026-03-04T113135.195-1024x1024.jpg",1024,1024,true],"cvmm-small":["http:\/\/radioclubedeinhapim.com.br\/wp-content\/uploads\/2026\/03\/Copia-de-Inserir-um-subtitulo-2026-03-04T113135.195-130x95.jpg",130,95,true],"full":["http:\/\/radioclubedeinhapim.com.br\/wp-content\/uploads\/2026\/03\/Copia-de-Inserir-um-subtitulo-2026-03-04T113135.195.jpg",1080,1080,false]},"categories_names":{"5":{"name":"Not\u00edcias","link":"http:\/\/radioclubedeinhapim.com.br\/index.php\/category\/noticias\/"}},"tags_names":[],"comments_number":"0","_links":{"self":[{"href":"http:\/\/radioclubedeinhapim.com.br\/index.php\/wp-json\/wp\/v2\/posts\/9279","targetHints":{"allow":["GET"]}}],"collection":[{"href":"http:\/\/radioclubedeinhapim.com.br\/index.php\/wp-json\/wp\/v2\/posts"}],"about":[{"href":"http:\/\/radioclubedeinhapim.com.br\/index.php\/wp-json\/wp\/v2\/types\/post"}],"author":[{"embeddable":true,"href":"http:\/\/radioclubedeinhapim.com.br\/index.php\/wp-json\/wp\/v2\/users\/2"}],"replies":[{"embeddable":true,"href":"http:\/\/radioclubedeinhapim.com.br\/index.php\/wp-json\/wp\/v2\/comments?post=9279"}],"version-history":[{"count":1,"href":"http:\/\/radioclubedeinhapim.com.br\/index.php\/wp-json\/wp\/v2\/posts\/9279\/revisions"}],"predecessor-version":[{"id":9281,"href":"http:\/\/radioclubedeinhapim.com.br\/index.php\/wp-json\/wp\/v2\/posts\/9279\/revisions\/9281"}],"wp:featuredmedia":[{"embeddable":true,"href":"http:\/\/radioclubedeinhapim.com.br\/index.php\/wp-json\/wp\/v2\/media\/9280"}],"wp:attachment":[{"href":"http:\/\/radioclubedeinhapim.com.br\/index.php\/wp-json\/wp\/v2\/media?parent=9279"}],"wp:term":[{"taxonomy":"category","embeddable":true,"href":"http:\/\/radioclubedeinhapim.com.br\/index.php\/wp-json\/wp\/v2\/categories?post=9279"},{"taxonomy":"post_tag","embeddable":true,"href":"http:\/\/radioclubedeinhapim.com.br\/index.php\/wp-json\/wp\/v2\/tags?post=9279"}],"curies":[{"name":"wp","href":"https:\/\/api.w.org\/{rel}","templated":true}]}}