{"id":9436,"date":"2026-03-13T12:45:28","date_gmt":"2026-03-13T15:45:28","guid":{"rendered":"https:\/\/radioclubedeinhapim.com.br\/?p=9436"},"modified":"2026-03-13T12:45:28","modified_gmt":"2026-03-13T15:45:28","slug":"foragido-por-roubo-e-localizado-e-preso-pela-policia-militar-em-imbe-de-minas","status":"publish","type":"post","link":"http:\/\/radioclubedeinhapim.com.br\/index.php\/2026\/03\/13\/foragido-por-roubo-e-localizado-e-preso-pela-policia-militar-em-imbe-de-minas\/","title":{"rendered":"FORAGIDO POR ROUBO \u00c9 LOCALIZADO E PRESO PELA POL\u00cdCIA MILITAR EM IMB\u00c9 DE MINAS"},"content":{"rendered":"\n<p>No dia 12 de mar\u00e7o de 2026, por volta das 14h30, a Pol\u00edcia Militar de Minas Gerais por meio do 62\u00ba BPM realizou a pris\u00e3o de um foragido da Justi\u00e7a no munic\u00edpio de Imb\u00e9 de Minas.<\/p>\n\n\n\n<p>Durante patrulhamento na regi\u00e3o central da cidade, os militares visualizaram um indiv\u00edduo no interior de um caminh\u00e3o, ocupando o banco do passageiro, sendo este j\u00e1 conhecido da equipe policial por possuir mandado de pris\u00e3o em aberto.<\/p>\n\n\n\n<p>Diante da situa\u00e7\u00e3o, foi dada ordem de parada ao ve\u00edculo, sendo realizada a abordagem do indiv\u00edduo. Durante busca pessoal, nenhum material il\u00edcito foi encontrado. O abordado confirmou sua identidade, sendo constatado tratar-se de um homem de 23 anos, alvo do mandado de pris\u00e3o expedido pela 1\u00aa Vara Criminal e de Execu\u00e7\u00f5es Penais da Comarca de Caratinga \u2013 TJMG.<\/p>\n\n\n\n<p>O mandado refere-se \u00e0 regress\u00e3o de regime prisional, relacionado aos crimes previstos nos artigos 329 (resist\u00eancia) e 157 (roubo) do C\u00f3digo Penal \u2013 Lei n\u00ba 2.848. Consta ainda que o indiv\u00edduo possui pena restante de 4 anos, 7 meses e 29 dias, sendo anteriormente vinculado ao regime prisional aberto.<\/p>\n\n\n\n<p>Ap\u00f3s a confirma\u00e7\u00e3o da ordem judicial, foi dada voz de pris\u00e3o ao autor, que recusou atendimento m\u00e9dico. Em seguida, ele foi conduzido \u00e0 Delegacia de Pol\u00edcia Civil de Caratinga para as demais provid\u00eancias cab\u00edveis.<\/p>\n","protected":false},"excerpt":{"rendered":"<p>No dia 12 de mar\u00e7o de 2026, por volta das 14h30, a Pol\u00edcia Militar de Minas Gerais por meio do 62\u00ba BPM realizou a pris\u00e3o de um foragido da Justi\u00e7a no munic\u00edpio de Imb\u00e9 de Minas. Durante patrulhamento na regi\u00e3o central da cidade, os militares visualizaram um indiv\u00edduo no interior de um caminh\u00e3o, ocupando o [&hellip;]<\/p>\n","protected":false},"author":2,"featured_media":9437,"comment_status":"open","ping_status":"open","sticky":false,"template":"","format":"standard","meta":{"footnotes":""},"categories":[5],"tags":[],"class_list":["post-9436","post","type-post","status-publish","format-standard","has-post-thumbnail","hentry","category-noticias"],"wpmagazine_modules_lite_featured_media_urls":{"thumbnail":["http:\/\/radioclubedeinhapim.com.br\/wp-content\/uploads\/2026\/03\/Copia-de-Inserir-um-subtitulo-2026-03-13T103801.263-150x150.jpg",150,150,true],"cvmm-medium":["http:\/\/radioclubedeinhapim.com.br\/wp-content\/uploads\/2026\/03\/Copia-de-Inserir-um-subtitulo-2026-03-13T103801.263-300x300.jpg",300,300,true],"cvmm-medium-plus":["http:\/\/radioclubedeinhapim.com.br\/wp-content\/uploads\/2026\/03\/Copia-de-Inserir-um-subtitulo-2026-03-13T103801.263-305x207.jpg",305,207,true],"cvmm-portrait":["http:\/\/radioclubedeinhapim.com.br\/wp-content\/uploads\/2026\/03\/Copia-de-Inserir-um-subtitulo-2026-03-13T103801.263-400x600.jpg",400,600,true],"cvmm-medium-square":["http:\/\/radioclubedeinhapim.com.br\/wp-content\/uploads\/2026\/03\/Copia-de-Inserir-um-subtitulo-2026-03-13T103801.263-600x600.jpg",600,600,true],"cvmm-large":["http:\/\/radioclubedeinhapim.com.br\/wp-content\/uploads\/2026\/03\/Copia-de-Inserir-um-subtitulo-2026-03-13T103801.263-1024x1024.jpg",1024,1024,true],"cvmm-small":["http:\/\/radioclubedeinhapim.com.br\/wp-content\/uploads\/2026\/03\/Copia-de-Inserir-um-subtitulo-2026-03-13T103801.263-130x95.jpg",130,95,true],"full":["http:\/\/radioclubedeinhapim.com.br\/wp-content\/uploads\/2026\/03\/Copia-de-Inserir-um-subtitulo-2026-03-13T103801.263.jpg",1080,1080,false]},"categories_names":{"5":{"name":"Not\u00edcias","link":"http:\/\/radioclubedeinhapim.com.br\/index.php\/category\/noticias\/"}},"tags_names":[],"comments_number":"0","_links":{"self":[{"href":"http:\/\/radioclubedeinhapim.com.br\/index.php\/wp-json\/wp\/v2\/posts\/9436","targetHints":{"allow":["GET"]}}],"collection":[{"href":"http:\/\/radioclubedeinhapim.com.br\/index.php\/wp-json\/wp\/v2\/posts"}],"about":[{"href":"http:\/\/radioclubedeinhapim.com.br\/index.php\/wp-json\/wp\/v2\/types\/post"}],"author":[{"embeddable":true,"href":"http:\/\/radioclubedeinhapim.com.br\/index.php\/wp-json\/wp\/v2\/users\/2"}],"replies":[{"embeddable":true,"href":"http:\/\/radioclubedeinhapim.com.br\/index.php\/wp-json\/wp\/v2\/comments?post=9436"}],"version-history":[{"count":1,"href":"http:\/\/radioclubedeinhapim.com.br\/index.php\/wp-json\/wp\/v2\/posts\/9436\/revisions"}],"predecessor-version":[{"id":9438,"href":"http:\/\/radioclubedeinhapim.com.br\/index.php\/wp-json\/wp\/v2\/posts\/9436\/revisions\/9438"}],"wp:featuredmedia":[{"embeddable":true,"href":"http:\/\/radioclubedeinhapim.com.br\/index.php\/wp-json\/wp\/v2\/media\/9437"}],"wp:attachment":[{"href":"http:\/\/radioclubedeinhapim.com.br\/index.php\/wp-json\/wp\/v2\/media?parent=9436"}],"wp:term":[{"taxonomy":"category","embeddable":true,"href":"http:\/\/radioclubedeinhapim.com.br\/index.php\/wp-json\/wp\/v2\/categories?post=9436"},{"taxonomy":"post_tag","embeddable":true,"href":"http:\/\/radioclubedeinhapim.com.br\/index.php\/wp-json\/wp\/v2\/tags?post=9436"}],"curies":[{"name":"wp","href":"https:\/\/api.w.org\/{rel}","templated":true}]}}