{"id":9502,"date":"2026-03-17T09:29:39","date_gmt":"2026-03-17T12:29:39","guid":{"rendered":"https:\/\/radioclubedeinhapim.com.br\/?p=9502"},"modified":"2026-03-17T09:29:39","modified_gmt":"2026-03-17T12:29:39","slug":"operacao-da-policia-civil-prende-tres-suspeitos-de-homicidio-e-apreende-arma-em-manhumirim","status":"publish","type":"post","link":"http:\/\/radioclubedeinhapim.com.br\/index.php\/2026\/03\/17\/operacao-da-policia-civil-prende-tres-suspeitos-de-homicidio-e-apreende-arma-em-manhumirim\/","title":{"rendered":"Opera\u00e7\u00e3o da Pol\u00edcia Civil prende tr\u00eas suspeitos de homic\u00eddio e apreende arma em Manhumirim"},"content":{"rendered":"\n<p>A Pol\u00edcia Civil de Minas Gerais cumpriu, nesta segunda-feira (16), tr\u00eas mandados de pris\u00e3o tempor\u00e1ria e um mandado de busca e apreens\u00e3o durante a segunda fase da Opera\u00e7\u00e3o Coronelato. A a\u00e7\u00e3o foi realizada pela Delegacia de Manhumirim com apoio de equipes de Manhua\u00e7u, Lajinha e Espera Feliz.<\/p>\n\n\n\n<p>Segundo a corpora\u00e7\u00e3o, a opera\u00e7\u00e3o faz parte da investiga\u00e7\u00e3o sobre um homic\u00eddio ocorrido em maio de 2025. A v\u00edtima trabalhava em uma m\u00e1quina escavadeira quando foi atingida por v\u00e1rios tiros e morreu no local.<\/p>\n\n\n\n<p>A Pol\u00edcia Civil informou que, na fase inicial do inqu\u00e9rito, foram cumpridos mandados de busca e apreens\u00e3o, o que permitiu recolher objetos encaminhados para an\u00e1lise pericial. Com o avan\u00e7o das dilig\u00eancias, surgiram ind\u00edcios contra tr\u00eas investigados.<\/p>\n\n\n\n<p>As apura\u00e7\u00f5es apontam que dois suspeitos teriam ordenado o crime. Um terceiro investigado teria atuado como intermedi\u00e1rio, respons\u00e1vel por contratar o suposto executor.<\/p>\n\n\n\n<p>Ainda de acordo com a investiga\u00e7\u00e3o, o homic\u00eddio teria sido motivado por uma disputa envolvendo um terreno que havia sido negociado com a v\u00edtima. A Pol\u00edcia Civil afirma que os suspeitos teriam inclusive contratado uma mulher para realizar &#8220;trabalhos espirituais&#8221; contra o homem. Ap\u00f3s perderem uma disputa judicial sobre a \u00e1rea, os investigados teriam planejado o homic\u00eddio.<\/p>\n\n\n\n<p>A corpora\u00e7\u00e3o informou ainda que um dos investigados, que possui atua\u00e7\u00e3o pol\u00edtica em Martins Soares e \u00e9 conhecido pelo apelido de \u201cCoronel\u201d, tentou descartar uma arma de fogo durante a abordagem em casa. Ele foi preso em flagrante por posse irregular de arma.<\/p>\n\n\n\n<p>A Pol\u00edcia Civil afirmou que as dilig\u00eancias seguem para identificar outros envolvidos e reunir novos elementos de prova. Em nota, refor\u00e7ou o compromisso com a elucida\u00e7\u00e3o de crimes graves e o combate \u00e0 impunidade.<\/p>\n","protected":false},"excerpt":{"rendered":"<p>A Pol\u00edcia Civil de Minas Gerais cumpriu, nesta segunda-feira (16), tr\u00eas mandados de pris\u00e3o tempor\u00e1ria e um mandado de busca e apreens\u00e3o durante a segunda fase da Opera\u00e7\u00e3o Coronelato. A a\u00e7\u00e3o foi realizada pela Delegacia de Manhumirim com apoio de equipes de Manhua\u00e7u, Lajinha e Espera Feliz. Segundo a corpora\u00e7\u00e3o, a opera\u00e7\u00e3o faz parte da [&hellip;]<\/p>\n","protected":false},"author":2,"featured_media":9503,"comment_status":"open","ping_status":"open","sticky":false,"template":"","format":"standard","meta":{"footnotes":""},"categories":[5],"tags":[],"class_list":["post-9502","post","type-post","status-publish","format-standard","has-post-thumbnail","hentry","category-noticias"],"wpmagazine_modules_lite_featured_media_urls":{"thumbnail":["http:\/\/radioclubedeinhapim.com.br\/wp-content\/uploads\/2026\/03\/Copia-de-Inserir-um-subtitulo-13-150x150.jpg",150,150,true],"cvmm-medium":["http:\/\/radioclubedeinhapim.com.br\/wp-content\/uploads\/2026\/03\/Copia-de-Inserir-um-subtitulo-13-300x300.jpg",300,300,true],"cvmm-medium-plus":["http:\/\/radioclubedeinhapim.com.br\/wp-content\/uploads\/2026\/03\/Copia-de-Inserir-um-subtitulo-13-305x207.jpg",305,207,true],"cvmm-portrait":["http:\/\/radioclubedeinhapim.com.br\/wp-content\/uploads\/2026\/03\/Copia-de-Inserir-um-subtitulo-13-400x600.jpg",400,600,true],"cvmm-medium-square":["http:\/\/radioclubedeinhapim.com.br\/wp-content\/uploads\/2026\/03\/Copia-de-Inserir-um-subtitulo-13-600x600.jpg",600,600,true],"cvmm-large":["http:\/\/radioclubedeinhapim.com.br\/wp-content\/uploads\/2026\/03\/Copia-de-Inserir-um-subtitulo-13-1024x1024.jpg",1024,1024,true],"cvmm-small":["http:\/\/radioclubedeinhapim.com.br\/wp-content\/uploads\/2026\/03\/Copia-de-Inserir-um-subtitulo-13-130x95.jpg",130,95,true],"full":["http:\/\/radioclubedeinhapim.com.br\/wp-content\/uploads\/2026\/03\/Copia-de-Inserir-um-subtitulo-13.jpg",1080,1080,false]},"categories_names":{"5":{"name":"Not\u00edcias","link":"http:\/\/radioclubedeinhapim.com.br\/index.php\/category\/noticias\/"}},"tags_names":[],"comments_number":"0","_links":{"self":[{"href":"http:\/\/radioclubedeinhapim.com.br\/index.php\/wp-json\/wp\/v2\/posts\/9502","targetHints":{"allow":["GET"]}}],"collection":[{"href":"http:\/\/radioclubedeinhapim.com.br\/index.php\/wp-json\/wp\/v2\/posts"}],"about":[{"href":"http:\/\/radioclubedeinhapim.com.br\/index.php\/wp-json\/wp\/v2\/types\/post"}],"author":[{"embeddable":true,"href":"http:\/\/radioclubedeinhapim.com.br\/index.php\/wp-json\/wp\/v2\/users\/2"}],"replies":[{"embeddable":true,"href":"http:\/\/radioclubedeinhapim.com.br\/index.php\/wp-json\/wp\/v2\/comments?post=9502"}],"version-history":[{"count":1,"href":"http:\/\/radioclubedeinhapim.com.br\/index.php\/wp-json\/wp\/v2\/posts\/9502\/revisions"}],"predecessor-version":[{"id":9504,"href":"http:\/\/radioclubedeinhapim.com.br\/index.php\/wp-json\/wp\/v2\/posts\/9502\/revisions\/9504"}],"wp:featuredmedia":[{"embeddable":true,"href":"http:\/\/radioclubedeinhapim.com.br\/index.php\/wp-json\/wp\/v2\/media\/9503"}],"wp:attachment":[{"href":"http:\/\/radioclubedeinhapim.com.br\/index.php\/wp-json\/wp\/v2\/media?parent=9502"}],"wp:term":[{"taxonomy":"category","embeddable":true,"href":"http:\/\/radioclubedeinhapim.com.br\/index.php\/wp-json\/wp\/v2\/categories?post=9502"},{"taxonomy":"post_tag","embeddable":true,"href":"http:\/\/radioclubedeinhapim.com.br\/index.php\/wp-json\/wp\/v2\/tags?post=9502"}],"curies":[{"name":"wp","href":"https:\/\/api.w.org\/{rel}","templated":true}]}}