{"id":10000,"date":"2026-04-27T10:41:08","date_gmt":"2026-04-27T13:41:08","guid":{"rendered":"https:\/\/radioclubedeinhapim.com.br\/?p=10000"},"modified":"2026-04-27T10:41:08","modified_gmt":"2026-04-27T13:41:08","slug":"julgamento-de-duplo-homicidio-em-inhapim-e-adiado-apos-defesa-abandonar-plenario","status":"publish","type":"post","link":"https:\/\/radioclubedeinhapim.com.br\/index.php\/2026\/04\/27\/julgamento-de-duplo-homicidio-em-inhapim-e-adiado-apos-defesa-abandonar-plenario\/","title":{"rendered":"Julgamento de duplo homic\u00eddio em Inhapim \u00e9 adiado ap\u00f3s defesa abandonar plen\u00e1rio"},"content":{"rendered":"\n<p>O julgamento do caso de duplo homic\u00eddio qualificado que vitimou dois jovens na BR-116, em Inhapim, e que estava previsto para acontecer nesta segunda-feira (27), foi adiado.<\/p>\n\n\n\n<p>A sess\u00e3o do Tribunal do J\u00fari, que seria realizada no F\u00f3rum da comarca, n\u00e3o chegou a ser conclu\u00edda ap\u00f3s a defesa do r\u00e9u abandonar o plen\u00e1rio alegando falta de condi\u00e7\u00f5es t\u00e9cnicas para atuar no caso.<\/p>\n\n\n\n<p>O acusado responde pela morte de Iran Garcia Ferreira, de 22 anos, e Luana Aparecida Machado Rabelo, de 21 anos, que estava gr\u00e1vida na \u00e9poca do acidente. O caso, ocorrido em maio de 2024, gerou grande como\u00e7\u00e3o na cidade e em toda a regi\u00e3o.<\/p>\n\n\n\n<p>O advogado de defesa informou que foi contratado recentemente, na \u00faltima sexta-feira, e que o processo \u00e9 considerado complexo, al\u00e9m de tramitar em segredo de justi\u00e7a. Segundo ele, foi solicitado o adiamento do julgamento, mas o pedido n\u00e3o foi aceito pelo ju\u00edzo.<\/p>\n\n\n\n<p>Diante disso, a defesa optou por deixar o plen\u00e1rio, classificando a decis\u00e3o como uma medida extrema. Ainda de acordo com o advogado, a equipe entendeu que n\u00e3o havia condi\u00e7\u00f5es adequadas para realizar a defesa de forma plena, o que poderia comprometer a justi\u00e7a do julgamento.<\/p>\n\n\n\n<p>Com a situa\u00e7\u00e3o, o juiz dever\u00e1 redesignar uma nova data para o j\u00fari. Conforme previsto em lei, o r\u00e9u ter\u00e1 prazo para constituir um novo advogado ou manter a atual defesa.<\/p>\n\n\n\n<p>Apesar de haver a possibilidade de nomea\u00e7\u00e3o de um defensor p\u00fablico para dar continuidade \u00e0 sess\u00e3o, o acusado pode optar por n\u00e3o aceitar a indica\u00e7\u00e3o e aguardar a forma\u00e7\u00e3o de uma nova defesa de sua confian\u00e7a.<\/p>\n\n\n\n<p>O caso segue sendo acompanhado de perto pela comunidade local, que aguarda os pr\u00f3ximos desdobramentos e a defini\u00e7\u00e3o de uma nova data para o julgamento.<\/p>\n","protected":false},"excerpt":{"rendered":"<p>O julgamento do caso de duplo homic\u00eddio qualificado que vitimou dois jovens na BR-116, em Inhapim, e que estava previsto para acontecer nesta segunda-feira (27), foi adiado. A sess\u00e3o do Tribunal do J\u00fari, que seria realizada no F\u00f3rum da comarca, n\u00e3o chegou a ser conclu\u00edda ap\u00f3s a defesa do r\u00e9u abandonar o plen\u00e1rio alegando falta [&hellip;]<\/p>\n","protected":false},"author":2,"featured_media":10001,"comment_status":"open","ping_status":"open","sticky":false,"template":"","format":"standard","meta":{"footnotes":""},"categories":[5],"tags":[],"class_list":["post-10000","post","type-post","status-publish","format-standard","has-post-thumbnail","hentry","category-noticias"],"wpmagazine_modules_lite_featured_media_urls":{"thumbnail":["https:\/\/radioclubedeinhapim.com.br\/wp-content\/uploads\/2026\/04\/03-150x150.jpg",150,150,true],"cvmm-medium":["https:\/\/radioclubedeinhapim.com.br\/wp-content\/uploads\/2026\/04\/03-300x300.jpg",300,300,true],"cvmm-medium-plus":["https:\/\/radioclubedeinhapim.com.br\/wp-content\/uploads\/2026\/04\/03-305x207.jpg",305,207,true],"cvmm-portrait":["https:\/\/radioclubedeinhapim.com.br\/wp-content\/uploads\/2026\/04\/03-400x600.jpg",400,600,true],"cvmm-medium-square":["https:\/\/radioclubedeinhapim.com.br\/wp-content\/uploads\/2026\/04\/03-600x600.jpg",600,600,true],"cvmm-large":["https:\/\/radioclubedeinhapim.com.br\/wp-content\/uploads\/2026\/04\/03-1024x1024.jpg",1024,1024,true],"cvmm-small":["https:\/\/radioclubedeinhapim.com.br\/wp-content\/uploads\/2026\/04\/03-130x95.jpg",130,95,true],"full":["https:\/\/radioclubedeinhapim.com.br\/wp-content\/uploads\/2026\/04\/03.jpg",1080,1080,false]},"categories_names":{"5":{"name":"Not\u00edcias","link":"https:\/\/radioclubedeinhapim.com.br\/index.php\/category\/noticias\/"}},"tags_names":[],"comments_number":"0","_links":{"self":[{"href":"https:\/\/radioclubedeinhapim.com.br\/index.php\/wp-json\/wp\/v2\/posts\/10000","targetHints":{"allow":["GET"]}}],"collection":[{"href":"https:\/\/radioclubedeinhapim.com.br\/index.php\/wp-json\/wp\/v2\/posts"}],"about":[{"href":"https:\/\/radioclubedeinhapim.com.br\/index.php\/wp-json\/wp\/v2\/types\/post"}],"author":[{"embeddable":true,"href":"https:\/\/radioclubedeinhapim.com.br\/index.php\/wp-json\/wp\/v2\/users\/2"}],"replies":[{"embeddable":true,"href":"https:\/\/radioclubedeinhapim.com.br\/index.php\/wp-json\/wp\/v2\/comments?post=10000"}],"version-history":[{"count":2,"href":"https:\/\/radioclubedeinhapim.com.br\/index.php\/wp-json\/wp\/v2\/posts\/10000\/revisions"}],"predecessor-version":[{"id":10003,"href":"https:\/\/radioclubedeinhapim.com.br\/index.php\/wp-json\/wp\/v2\/posts\/10000\/revisions\/10003"}],"wp:featuredmedia":[{"embeddable":true,"href":"https:\/\/radioclubedeinhapim.com.br\/index.php\/wp-json\/wp\/v2\/media\/10001"}],"wp:attachment":[{"href":"https:\/\/radioclubedeinhapim.com.br\/index.php\/wp-json\/wp\/v2\/media?parent=10000"}],"wp:term":[{"taxonomy":"category","embeddable":true,"href":"https:\/\/radioclubedeinhapim.com.br\/index.php\/wp-json\/wp\/v2\/categories?post=10000"},{"taxonomy":"post_tag","embeddable":true,"href":"https:\/\/radioclubedeinhapim.com.br\/index.php\/wp-json\/wp\/v2\/tags?post=10000"}],"curies":[{"name":"wp","href":"https:\/\/api.w.org\/{rel}","templated":true}]}}