{"id":10004,"date":"2026-04-27T14:12:12","date_gmt":"2026-04-27T17:12:12","guid":{"rendered":"https:\/\/radioclubedeinhapim.com.br\/?p=10004"},"modified":"2026-04-27T14:12:12","modified_gmt":"2026-04-27T17:12:12","slug":"justica-decreta-prisao-preventiva-de-acusado-por-duplo-homicidio-apos-adiamento-de-juri-em-inhapim","status":"publish","type":"post","link":"https:\/\/radioclubedeinhapim.com.br\/index.php\/2026\/04\/27\/justica-decreta-prisao-preventiva-de-acusado-por-duplo-homicidio-apos-adiamento-de-juri-em-inhapim\/","title":{"rendered":"Justi\u00e7a decreta pris\u00e3o preventiva de acusado por duplo homic\u00eddio ap\u00f3s adiamento de j\u00fari em Inhapim"},"content":{"rendered":"\n<p>O Minist\u00e9rio P\u00fablico de Minas Gerais informou que a Justi\u00e7a decretou a pris\u00e3o preventiva de Wallace de Souza, acusado de duplo homic\u00eddio qualificado, ap\u00f3s o adiamento do julgamento que ocorreria nesta segunda-feira (27), no Tribunal do J\u00fari da Comarca de Inhapim.<\/p>\n\n\n\n<p>De acordo com o Minist\u00e9rio P\u00fablico, a sess\u00e3o foi encerrada depois que o advogado de defesa deixou o plen\u00e1rio, o que levou \u00e0 necessidade de remarca\u00e7\u00e3o do j\u00fari. Diante da situa\u00e7\u00e3o, os promotores de Justi\u00e7a entenderam que a conduta comprometeu o andamento regular do processo e poderia indicar risco de novas tentativas de adiamento.<\/p>\n\n\n\n<p>Com base nesses argumentos, foi solicitado o decreto de pris\u00e3o preventiva do acusado. Ao analisar o pedido, o Ju\u00edzo reconheceu a presen\u00e7a dos requisitos legais e determinou a medida, destacando a gravidade do caso e a necessidade de garantir a realiza\u00e7\u00e3o do julgamento.<\/p>\n\n\n\n<p>O r\u00e9u responde por duplo homic\u00eddio qualificado, com incid\u00eancia de dolo eventual, al\u00e9m de crimes previstos no C\u00f3digo de Tr\u00e2nsito Brasileiro. Os fatos ocorreram em 17 de maio de 2024, na BR-116, em Inhapim.<\/p>\n\n\n\n<p>Segundo a den\u00fancia, o acusado conduzia um ve\u00edculo sob efeito de \u00e1lcool, em alta velocidade e com a capacidade psicomotora alterada, quando invadiu a contram\u00e3o e colidiu de frente com a motocicleta ocupada por Iran Garcia Ferreira, de 22 anos, e Luana Aparecida Machado Rabelo, de 21 anos, que morreram no local. Ainda conforme a acusa\u00e7\u00e3o, uma das v\u00edtimas estava gr\u00e1vida, o que agrava a gravidade dos fatos.<\/p>\n\n\n\n<p>O Minist\u00e9rio P\u00fablico tamb\u00e9m apontou que houve ado\u00e7\u00e3o de estrat\u00e9gias por parte da defesa que teriam contribu\u00eddo para atrasar o andamento do processo, culminando no esvaziamento da sess\u00e3o do j\u00fari.<\/p>\n\n\n\n<p>Em nota, o \u00f3rg\u00e3o destacou que a medida refor\u00e7a o compromisso institucional com a defesa da ordem jur\u00eddica e a efetividade da Justi\u00e7a, garantindo que crimes de grande gravidade sejam devidamente apurados e julgados.<\/p>\n","protected":false},"excerpt":{"rendered":"<p>O Minist\u00e9rio P\u00fablico de Minas Gerais informou que a Justi\u00e7a decretou a pris\u00e3o preventiva de Wallace de Souza, acusado de duplo homic\u00eddio qualificado, ap\u00f3s o adiamento do julgamento que ocorreria nesta segunda-feira (27), no Tribunal do J\u00fari da Comarca de Inhapim. De acordo com o Minist\u00e9rio P\u00fablico, a sess\u00e3o foi encerrada depois que o advogado [&hellip;]<\/p>\n","protected":false},"author":2,"featured_media":10005,"comment_status":"open","ping_status":"open","sticky":false,"template":"","format":"standard","meta":{"footnotes":""},"categories":[5],"tags":[],"class_list":["post-10004","post","type-post","status-publish","format-standard","has-post-thumbnail","hentry","category-noticias"],"wpmagazine_modules_lite_featured_media_urls":{"thumbnail":["https:\/\/radioclubedeinhapim.com.br\/wp-content\/uploads\/2026\/04\/d-150x150.jpg",150,150,true],"cvmm-medium":["https:\/\/radioclubedeinhapim.com.br\/wp-content\/uploads\/2026\/04\/d-300x300.jpg",300,300,true],"cvmm-medium-plus":["https:\/\/radioclubedeinhapim.com.br\/wp-content\/uploads\/2026\/04\/d-305x207.jpg",305,207,true],"cvmm-portrait":["https:\/\/radioclubedeinhapim.com.br\/wp-content\/uploads\/2026\/04\/d-400x600.jpg",400,600,true],"cvmm-medium-square":["https:\/\/radioclubedeinhapim.com.br\/wp-content\/uploads\/2026\/04\/d-600x600.jpg",600,600,true],"cvmm-large":["https:\/\/radioclubedeinhapim.com.br\/wp-content\/uploads\/2026\/04\/d-1024x1024.jpg",1024,1024,true],"cvmm-small":["https:\/\/radioclubedeinhapim.com.br\/wp-content\/uploads\/2026\/04\/d-130x95.jpg",130,95,true],"full":["https:\/\/radioclubedeinhapim.com.br\/wp-content\/uploads\/2026\/04\/d.jpg",1080,1080,false]},"categories_names":{"5":{"name":"Not\u00edcias","link":"https:\/\/radioclubedeinhapim.com.br\/index.php\/category\/noticias\/"}},"tags_names":[],"comments_number":"0","_links":{"self":[{"href":"https:\/\/radioclubedeinhapim.com.br\/index.php\/wp-json\/wp\/v2\/posts\/10004","targetHints":{"allow":["GET"]}}],"collection":[{"href":"https:\/\/radioclubedeinhapim.com.br\/index.php\/wp-json\/wp\/v2\/posts"}],"about":[{"href":"https:\/\/radioclubedeinhapim.com.br\/index.php\/wp-json\/wp\/v2\/types\/post"}],"author":[{"embeddable":true,"href":"https:\/\/radioclubedeinhapim.com.br\/index.php\/wp-json\/wp\/v2\/users\/2"}],"replies":[{"embeddable":true,"href":"https:\/\/radioclubedeinhapim.com.br\/index.php\/wp-json\/wp\/v2\/comments?post=10004"}],"version-history":[{"count":1,"href":"https:\/\/radioclubedeinhapim.com.br\/index.php\/wp-json\/wp\/v2\/posts\/10004\/revisions"}],"predecessor-version":[{"id":10006,"href":"https:\/\/radioclubedeinhapim.com.br\/index.php\/wp-json\/wp\/v2\/posts\/10004\/revisions\/10006"}],"wp:featuredmedia":[{"embeddable":true,"href":"https:\/\/radioclubedeinhapim.com.br\/index.php\/wp-json\/wp\/v2\/media\/10005"}],"wp:attachment":[{"href":"https:\/\/radioclubedeinhapim.com.br\/index.php\/wp-json\/wp\/v2\/media?parent=10004"}],"wp:term":[{"taxonomy":"category","embeddable":true,"href":"https:\/\/radioclubedeinhapim.com.br\/index.php\/wp-json\/wp\/v2\/categories?post=10004"},{"taxonomy":"post_tag","embeddable":true,"href":"https:\/\/radioclubedeinhapim.com.br\/index.php\/wp-json\/wp\/v2\/tags?post=10004"}],"curies":[{"name":"wp","href":"https:\/\/api.w.org\/{rel}","templated":true}]}}