{"id":10007,"date":"2026-04-27T14:14:10","date_gmt":"2026-04-27T17:14:10","guid":{"rendered":"https:\/\/radioclubedeinhapim.com.br\/?p=10007"},"modified":"2026-04-27T14:14:10","modified_gmt":"2026-04-27T17:14:10","slug":"gravissimo-acidente-com-vitima-fatal-e-registrado-no-km-501-da-br-116-em-inhapim","status":"publish","type":"post","link":"https:\/\/radioclubedeinhapim.com.br\/index.php\/2026\/04\/27\/gravissimo-acidente-com-vitima-fatal-e-registrado-no-km-501-da-br-116-em-inhapim\/","title":{"rendered":"Grav\u00edssimo acidente com v\u00edtima fatal \u00e9 registrado no KM 501 da BR-116, em Inhapim"},"content":{"rendered":"\n<p>Um grav\u00edssimo acidente foi registrado na manh\u00e3 desta segunda-feira (27) no km 501 da BR-116, em Inhapim. A colis\u00e3o frontal entre dois autom\u00f3veis deixou uma pessoa morta e mobilizou diversas equipes de resgate.<\/p>\n\n\n\n<p>De acordo com as primeiras informa\u00e7\u00f5es apuradas no local, o acidente envolveu um Volkswagen Polo e um Toyota Corolla. A condutora do Polo, \u00fanica ocupante do ve\u00edculo, foi socorrida consciente e orientada por uma equipe do SAMU e encaminhada para atendimento m\u00e9dico. O estado de sa\u00fade dela n\u00e3o havia sido oficialmente divulgado at\u00e9 o momento.<\/p>\n\n\n\n<p>J\u00e1 o condutor do Corolla n\u00e3o resistiu aos ferimentos e morreu ainda no local. Testemunhas relataram que equipes de apoio, incluindo policiais penais que passavam pela rodovia, tentaram realizar manobras de reanima\u00e7\u00e3o, mas sem sucesso.<\/p>\n\n\n\n<p>Segundo relatos colhidos no local, h\u00e1 ind\u00edcios de que o Corolla teria invadido a contram\u00e3o de dire\u00e7\u00e3o, provocando a colis\u00e3o frontal. No entanto, as causas exatas do acidente ainda ser\u00e3o investigadas.<\/p>\n\n\n\n<p>O impacto foi extremamente violento, deixando os ve\u00edculos completamente destru\u00eddos. O corpo da v\u00edtima fatal ficou preso \u00e0s ferragens, sendo necess\u00e1ria a atua\u00e7\u00e3o do Corpo de Bombeiros para a retirada.<\/p>\n\n\n\n<p>Equipes da concession\u00e1ria respons\u00e1vel pela rodovia, do SAMU, do Corpo de Bombeiros e da Pol\u00edcia Rodovi\u00e1ria Federal est\u00e3o no local. A per\u00edcia da Pol\u00edcia Civil tamb\u00e9m foi acionada para realizar os levantamentos t\u00e9cnicos.<\/p>\n\n\n\n<p>Por conta do acidente, o tr\u00e2nsito est\u00e1 totalmente interditado nos dois sentidos da rodovia, afetando o fluxo entre Inhapim e Ubaporanga. N\u00e3o h\u00e1 previs\u00e3o de libera\u00e7\u00e3o da pista at\u00e9 a \u00faltima atualiza\u00e7\u00e3o desta reportagem.<\/p>\n\n\n\n<p>As identidades das v\u00edtimas ainda n\u00e3o foram divulgadas oficialmente. O caso segue em apura\u00e7\u00e3o.<\/p>\n","protected":false},"excerpt":{"rendered":"<p>Um grav\u00edssimo acidente foi registrado na manh\u00e3 desta segunda-feira (27) no km 501 da BR-116, em Inhapim. A colis\u00e3o frontal entre dois autom\u00f3veis deixou uma pessoa morta e mobilizou diversas equipes de resgate. De acordo com as primeiras informa\u00e7\u00f5es apuradas no local, o acidente envolveu um Volkswagen Polo e um Toyota Corolla. A condutora do [&hellip;]<\/p>\n","protected":false},"author":2,"featured_media":10008,"comment_status":"open","ping_status":"open","sticky":false,"template":"","format":"standard","meta":{"footnotes":""},"categories":[5],"tags":[],"class_list":["post-10007","post","type-post","status-publish","format-standard","has-post-thumbnail","hentry","category-noticias"],"wpmagazine_modules_lite_featured_media_urls":{"thumbnail":["https:\/\/radioclubedeinhapim.com.br\/wp-content\/uploads\/2026\/04\/33-150x150.jpg",150,150,true],"cvmm-medium":["https:\/\/radioclubedeinhapim.com.br\/wp-content\/uploads\/2026\/04\/33-300x300.jpg",300,300,true],"cvmm-medium-plus":["https:\/\/radioclubedeinhapim.com.br\/wp-content\/uploads\/2026\/04\/33-305x207.jpg",305,207,true],"cvmm-portrait":["https:\/\/radioclubedeinhapim.com.br\/wp-content\/uploads\/2026\/04\/33-400x600.jpg",400,600,true],"cvmm-medium-square":["https:\/\/radioclubedeinhapim.com.br\/wp-content\/uploads\/2026\/04\/33-600x600.jpg",600,600,true],"cvmm-large":["https:\/\/radioclubedeinhapim.com.br\/wp-content\/uploads\/2026\/04\/33-1024x1024.jpg",1024,1024,true],"cvmm-small":["https:\/\/radioclubedeinhapim.com.br\/wp-content\/uploads\/2026\/04\/33-130x95.jpg",130,95,true],"full":["https:\/\/radioclubedeinhapim.com.br\/wp-content\/uploads\/2026\/04\/33.jpg",1080,1080,false]},"categories_names":{"5":{"name":"Not\u00edcias","link":"https:\/\/radioclubedeinhapim.com.br\/index.php\/category\/noticias\/"}},"tags_names":[],"comments_number":"0","_links":{"self":[{"href":"https:\/\/radioclubedeinhapim.com.br\/index.php\/wp-json\/wp\/v2\/posts\/10007","targetHints":{"allow":["GET"]}}],"collection":[{"href":"https:\/\/radioclubedeinhapim.com.br\/index.php\/wp-json\/wp\/v2\/posts"}],"about":[{"href":"https:\/\/radioclubedeinhapim.com.br\/index.php\/wp-json\/wp\/v2\/types\/post"}],"author":[{"embeddable":true,"href":"https:\/\/radioclubedeinhapim.com.br\/index.php\/wp-json\/wp\/v2\/users\/2"}],"replies":[{"embeddable":true,"href":"https:\/\/radioclubedeinhapim.com.br\/index.php\/wp-json\/wp\/v2\/comments?post=10007"}],"version-history":[{"count":1,"href":"https:\/\/radioclubedeinhapim.com.br\/index.php\/wp-json\/wp\/v2\/posts\/10007\/revisions"}],"predecessor-version":[{"id":10009,"href":"https:\/\/radioclubedeinhapim.com.br\/index.php\/wp-json\/wp\/v2\/posts\/10007\/revisions\/10009"}],"wp:featuredmedia":[{"embeddable":true,"href":"https:\/\/radioclubedeinhapim.com.br\/index.php\/wp-json\/wp\/v2\/media\/10008"}],"wp:attachment":[{"href":"https:\/\/radioclubedeinhapim.com.br\/index.php\/wp-json\/wp\/v2\/media?parent=10007"}],"wp:term":[{"taxonomy":"category","embeddable":true,"href":"https:\/\/radioclubedeinhapim.com.br\/index.php\/wp-json\/wp\/v2\/categories?post=10007"},{"taxonomy":"post_tag","embeddable":true,"href":"https:\/\/radioclubedeinhapim.com.br\/index.php\/wp-json\/wp\/v2\/tags?post=10007"}],"curies":[{"name":"wp","href":"https:\/\/api.w.org\/{rel}","templated":true}]}}