{"id":10010,"date":"2026-04-27T14:14:50","date_gmt":"2026-04-27T17:14:50","guid":{"rendered":"https:\/\/radioclubedeinhapim.com.br\/?p=10010"},"modified":"2026-04-27T14:14:50","modified_gmt":"2026-04-27T17:14:50","slug":"reu-e-condenado-a-mais-de-29-anos-por-crime-de-estupro-em-inhapim","status":"publish","type":"post","link":"https:\/\/radioclubedeinhapim.com.br\/index.php\/2026\/04\/27\/reu-e-condenado-a-mais-de-29-anos-por-crime-de-estupro-em-inhapim\/","title":{"rendered":"R\u00e9u \u00e9 condenado a mais de 29 anos por crime de estupro em Inhapim"},"content":{"rendered":"\n<p>O Minist\u00e9rio P\u00fablico de Minas Gerais, por meio da 2\u00aa Promotoria de Justi\u00e7a de Inhapim\/MG, comunica a condena\u00e7\u00e3o de um homem, atualmente com 24 anos de idade, \u00e0 pena de 29 anos, 7 meses e 16 dias de reclus\u00e3o, em regime inicial fechado, pela pr\u00e1tica do crime de estupro cometido contra adolescente de 14 anos de idade \u00e0 \u00e9poca dos fatos.<\/p>\n\n\n\n<p>De acordo com a den\u00fancia, ao longo de 2023, o r\u00e9u constrangeu a v\u00edtima mediante grave amea\u00e7a \u00e0 sua fam\u00edlia e severo controle emocional. Sob coer\u00e7\u00e3o, a adolescente era obrigada a ir \u00e0 resid\u00eancia do agressor, local onde este a submetia \u00e0 pr\u00e1tica de atos sexuais contra sua vontade.<\/p>\n\n\n\n<p>Durante a instru\u00e7\u00e3o processual, a prova oral evidenciou que a v\u00edtima sofreu expressivo abalo emocional, com impactos relevantes em sua rotina pessoal e escolar, al\u00e9m da necessidade de acompanhamento em sa\u00fade. A gesta\u00e7\u00e3o decorrente dos fatos tamb\u00e9m foi considerada circunst\u00e2ncia relevante para a fixa\u00e7\u00e3o da pena.<\/p>\n\n\n\n<p>Reconheceu-se, ainda, a continuidade delitiva, nos termos do art. 71 do C\u00f3digo Penal, diante da reitera\u00e7\u00e3o das condutas em condi\u00e7\u00f5es semelhantes de tempo, lugar e modo de execu\u00e7\u00e3o. Embora n\u00e3o tenha sido poss\u00edvel delimitar com precis\u00e3o o n\u00famero de ocorr\u00eancias, a prova oral permitiu concluir que os fatos se deram por mais de sete vezes, autorizando a aplica\u00e7\u00e3o da fra\u00e7\u00e3o m\u00e1xima de aumento de pena.<\/p>\n\n\n\n<p>A senten\u00e7a tamb\u00e9m fixou indeniza\u00e7\u00e3o m\u00ednima de R$ 10 mil a t\u00edtulo de danos morais \u00e0 v\u00edtima.<\/p>\n\n\n\n<p>O magistrado determinou a manuten\u00e7\u00e3o da pris\u00e3o preventiva e negou ao r\u00e9u o direito de recorrer em liberdade, destacando a gravidade concreta dos fatos e o risco \u00e0 ordem p\u00fablica.<\/p>\n\n\n\n<p>Para o Minist\u00e9rio P\u00fablico, a condena\u00e7\u00e3o reafirma o compromisso do sistema de Justi\u00e7a na prote\u00e7\u00e3o de crian\u00e7as e adolescentes, bem como no enfrentamento rigoroso de infra\u00e7\u00f5es penais que envolvem grave viola\u00e7\u00e3o de direitos fundamentais.<\/p>\n","protected":false},"excerpt":{"rendered":"<p>O Minist\u00e9rio P\u00fablico de Minas Gerais, por meio da 2\u00aa Promotoria de Justi\u00e7a de Inhapim\/MG, comunica a condena\u00e7\u00e3o de um homem, atualmente com 24 anos de idade, \u00e0 pena de 29 anos, 7 meses e 16 dias de reclus\u00e3o, em regime inicial fechado, pela pr\u00e1tica do crime de estupro cometido contra adolescente de 14 anos [&hellip;]<\/p>\n","protected":false},"author":2,"featured_media":10011,"comment_status":"open","ping_status":"open","sticky":false,"template":"","format":"standard","meta":{"footnotes":""},"categories":[5],"tags":[],"class_list":["post-10010","post","type-post","status-publish","format-standard","has-post-thumbnail","hentry","category-noticias"],"wpmagazine_modules_lite_featured_media_urls":{"thumbnail":["https:\/\/radioclubedeinhapim.com.br\/wp-content\/uploads\/2026\/04\/WhatsApp-Image-2026-04-27-at-14.04.52-150x150.jpeg",150,150,true],"cvmm-medium":["https:\/\/radioclubedeinhapim.com.br\/wp-content\/uploads\/2026\/04\/WhatsApp-Image-2026-04-27-at-14.04.52-300x300.jpeg",300,300,true],"cvmm-medium-plus":["https:\/\/radioclubedeinhapim.com.br\/wp-content\/uploads\/2026\/04\/WhatsApp-Image-2026-04-27-at-14.04.52-305x207.jpeg",305,207,true],"cvmm-portrait":["https:\/\/radioclubedeinhapim.com.br\/wp-content\/uploads\/2026\/04\/WhatsApp-Image-2026-04-27-at-14.04.52-400x600.jpeg",400,600,true],"cvmm-medium-square":["https:\/\/radioclubedeinhapim.com.br\/wp-content\/uploads\/2026\/04\/WhatsApp-Image-2026-04-27-at-14.04.52-600x600.jpeg",600,600,true],"cvmm-large":["https:\/\/radioclubedeinhapim.com.br\/wp-content\/uploads\/2026\/04\/WhatsApp-Image-2026-04-27-at-14.04.52-1024x1024.jpeg",1024,1024,true],"cvmm-small":["https:\/\/radioclubedeinhapim.com.br\/wp-content\/uploads\/2026\/04\/WhatsApp-Image-2026-04-27-at-14.04.52-130x95.jpeg",130,95,true],"full":["https:\/\/radioclubedeinhapim.com.br\/wp-content\/uploads\/2026\/04\/WhatsApp-Image-2026-04-27-at-14.04.52.jpeg",1080,1080,false]},"categories_names":{"5":{"name":"Not\u00edcias","link":"https:\/\/radioclubedeinhapim.com.br\/index.php\/category\/noticias\/"}},"tags_names":[],"comments_number":"0","_links":{"self":[{"href":"https:\/\/radioclubedeinhapim.com.br\/index.php\/wp-json\/wp\/v2\/posts\/10010","targetHints":{"allow":["GET"]}}],"collection":[{"href":"https:\/\/radioclubedeinhapim.com.br\/index.php\/wp-json\/wp\/v2\/posts"}],"about":[{"href":"https:\/\/radioclubedeinhapim.com.br\/index.php\/wp-json\/wp\/v2\/types\/post"}],"author":[{"embeddable":true,"href":"https:\/\/radioclubedeinhapim.com.br\/index.php\/wp-json\/wp\/v2\/users\/2"}],"replies":[{"embeddable":true,"href":"https:\/\/radioclubedeinhapim.com.br\/index.php\/wp-json\/wp\/v2\/comments?post=10010"}],"version-history":[{"count":1,"href":"https:\/\/radioclubedeinhapim.com.br\/index.php\/wp-json\/wp\/v2\/posts\/10010\/revisions"}],"predecessor-version":[{"id":10012,"href":"https:\/\/radioclubedeinhapim.com.br\/index.php\/wp-json\/wp\/v2\/posts\/10010\/revisions\/10012"}],"wp:featuredmedia":[{"embeddable":true,"href":"https:\/\/radioclubedeinhapim.com.br\/index.php\/wp-json\/wp\/v2\/media\/10011"}],"wp:attachment":[{"href":"https:\/\/radioclubedeinhapim.com.br\/index.php\/wp-json\/wp\/v2\/media?parent=10010"}],"wp:term":[{"taxonomy":"category","embeddable":true,"href":"https:\/\/radioclubedeinhapim.com.br\/index.php\/wp-json\/wp\/v2\/categories?post=10010"},{"taxonomy":"post_tag","embeddable":true,"href":"https:\/\/radioclubedeinhapim.com.br\/index.php\/wp-json\/wp\/v2\/tags?post=10010"}],"curies":[{"name":"wp","href":"https:\/\/api.w.org\/{rel}","templated":true}]}}