{"id":10013,"date":"2026-04-27T14:20:29","date_gmt":"2026-04-27T17:20:29","guid":{"rendered":"https:\/\/radioclubedeinhapim.com.br\/?p=10013"},"modified":"2026-04-27T14:21:03","modified_gmt":"2026-04-27T17:21:03","slug":"identificada-vitima-fatal-de-grave-acidente-na-br-116-em-inhapim","status":"publish","type":"post","link":"https:\/\/radioclubedeinhapim.com.br\/index.php\/2026\/04\/27\/identificada-vitima-fatal-de-grave-acidente-na-br-116-em-inhapim\/","title":{"rendered":"IDENTIFICADA V\u00cdTIMA FATAL DE GRAVE ACIDENTE NA BR-116 EM INHAPIM"},"content":{"rendered":"\n<p>Foi identificado como Velerson Cust\u00f3dio de Oliveira o motorista que morreu ap\u00f3s um grav\u00edssimo acidente registrado mais cedo no km 501 da BR-116, em Inhapim. Ele era morador de Ubaporanga e n\u00e3o resistiu aos ferimentos, vindo a \u00f3bito ainda no local da colis\u00e3o.<\/p>\n\n\n\n<p>De acordo com as informa\u00e7\u00f5es apuradas, o acidente envolveu um Volkswagen Polo e um Toyota Corolla, conduzido por Velerson. A batida foi frontal e de grande impacto.<\/p>\n\n\n\n<p>Ainda segundo os levantamentos iniciais, a condutora do Polo seguia no sentido a Inhapim, enquanto o Corolla trafegava em dire\u00e7\u00e3o a Ubaporanga, momento em que ocorreu a colis\u00e3o. H\u00e1 ind\u00edcios de que um dos ve\u00edculos possa ter invadido a contram\u00e3o, mas as circunst\u00e2ncias exatas ainda ser\u00e3o esclarecidas.<\/p>\n\n\n\n<p>A motorista do Polo foi socorrida por uma equipe do SAMU e encaminhada para atendimento m\u00e9dico em Caratinga. Ela estava consciente e orientada, mas relatava dores na regi\u00e3o do ombro e do t\u00f3rax.<\/p>\n\n\n\n<p>A per\u00edcia t\u00e9cnica da Pol\u00edcia Civil realizou os procedimentos no local. Equipes da Pol\u00edcia Rodovi\u00e1ria Federal (PRF) e da concession\u00e1ria Ecovias Rio Minas tamb\u00e9m atuaram na ocorr\u00eancia.<\/p>\n\n\n\n<p>O caso segue sendo investigado pelas autoridades competentes.<\/p>\n","protected":false},"excerpt":{"rendered":"<p>Foi identificado como Velerson Cust\u00f3dio de Oliveira o motorista que morreu ap\u00f3s um grav\u00edssimo acidente registrado mais cedo no km 501 da BR-116, em Inhapim. Ele era morador de Ubaporanga e n\u00e3o resistiu aos ferimentos, vindo a \u00f3bito ainda no local da colis\u00e3o. De acordo com as informa\u00e7\u00f5es apuradas, o acidente envolveu um Volkswagen Polo [&hellip;]<\/p>\n","protected":false},"author":2,"featured_media":10014,"comment_status":"open","ping_status":"open","sticky":false,"template":"","format":"standard","meta":{"footnotes":""},"categories":[5],"tags":[],"class_list":["post-10013","post","type-post","status-publish","format-standard","has-post-thumbnail","hentry","category-noticias"],"wpmagazine_modules_lite_featured_media_urls":{"thumbnail":["https:\/\/radioclubedeinhapim.com.br\/wp-content\/uploads\/2026\/04\/2-3-150x150.jpg",150,150,true],"cvmm-medium":["https:\/\/radioclubedeinhapim.com.br\/wp-content\/uploads\/2026\/04\/2-3-300x300.jpg",300,300,true],"cvmm-medium-plus":["https:\/\/radioclubedeinhapim.com.br\/wp-content\/uploads\/2026\/04\/2-3-305x207.jpg",305,207,true],"cvmm-portrait":["https:\/\/radioclubedeinhapim.com.br\/wp-content\/uploads\/2026\/04\/2-3-400x600.jpg",400,600,true],"cvmm-medium-square":["https:\/\/radioclubedeinhapim.com.br\/wp-content\/uploads\/2026\/04\/2-3-600x600.jpg",600,600,true],"cvmm-large":["https:\/\/radioclubedeinhapim.com.br\/wp-content\/uploads\/2026\/04\/2-3-1024x1024.jpg",1024,1024,true],"cvmm-small":["https:\/\/radioclubedeinhapim.com.br\/wp-content\/uploads\/2026\/04\/2-3-130x95.jpg",130,95,true],"full":["https:\/\/radioclubedeinhapim.com.br\/wp-content\/uploads\/2026\/04\/2-3.jpg",1080,1080,false]},"categories_names":{"5":{"name":"Not\u00edcias","link":"https:\/\/radioclubedeinhapim.com.br\/index.php\/category\/noticias\/"}},"tags_names":[],"comments_number":"0","_links":{"self":[{"href":"https:\/\/radioclubedeinhapim.com.br\/index.php\/wp-json\/wp\/v2\/posts\/10013","targetHints":{"allow":["GET"]}}],"collection":[{"href":"https:\/\/radioclubedeinhapim.com.br\/index.php\/wp-json\/wp\/v2\/posts"}],"about":[{"href":"https:\/\/radioclubedeinhapim.com.br\/index.php\/wp-json\/wp\/v2\/types\/post"}],"author":[{"embeddable":true,"href":"https:\/\/radioclubedeinhapim.com.br\/index.php\/wp-json\/wp\/v2\/users\/2"}],"replies":[{"embeddable":true,"href":"https:\/\/radioclubedeinhapim.com.br\/index.php\/wp-json\/wp\/v2\/comments?post=10013"}],"version-history":[{"count":2,"href":"https:\/\/radioclubedeinhapim.com.br\/index.php\/wp-json\/wp\/v2\/posts\/10013\/revisions"}],"predecessor-version":[{"id":10016,"href":"https:\/\/radioclubedeinhapim.com.br\/index.php\/wp-json\/wp\/v2\/posts\/10013\/revisions\/10016"}],"wp:featuredmedia":[{"embeddable":true,"href":"https:\/\/radioclubedeinhapim.com.br\/index.php\/wp-json\/wp\/v2\/media\/10014"}],"wp:attachment":[{"href":"https:\/\/radioclubedeinhapim.com.br\/index.php\/wp-json\/wp\/v2\/media?parent=10013"}],"wp:term":[{"taxonomy":"category","embeddable":true,"href":"https:\/\/radioclubedeinhapim.com.br\/index.php\/wp-json\/wp\/v2\/categories?post=10013"},{"taxonomy":"post_tag","embeddable":true,"href":"https:\/\/radioclubedeinhapim.com.br\/index.php\/wp-json\/wp\/v2\/tags?post=10013"}],"curies":[{"name":"wp","href":"https:\/\/api.w.org\/{rel}","templated":true}]}}