{"id":10020,"date":"2026-04-28T08:45:54","date_gmt":"2026-04-28T11:45:54","guid":{"rendered":"https:\/\/radioclubedeinhapim.com.br\/?p=10020"},"modified":"2026-04-28T08:45:54","modified_gmt":"2026-04-28T11:45:54","slug":"mpmg-denuncia-motorista-por-duplo-homicidio-qualificado-na-br-116-em-dom-cavati","status":"publish","type":"post","link":"https:\/\/radioclubedeinhapim.com.br\/index.php\/2026\/04\/28\/mpmg-denuncia-motorista-por-duplo-homicidio-qualificado-na-br-116-em-dom-cavati\/","title":{"rendered":"MPMG denuncia motorista por duplo homic\u00eddio qualificado na BR-116, em Dom Cavati"},"content":{"rendered":"\n<p>O Minist\u00e9rio P\u00fablico de Minas Gerais (MPMG) denunciou um motorista por duplo homic\u00eddio qualificado em decorr\u00eancia de um grave acidente registrado na BR-116, no munic\u00edpio de Dom Cavati, no dia 22 de outubro de 2025.<\/p>\n\n\n\n<p>De acordo com as investiga\u00e7\u00f5es, o condutor de um caminh\u00e3o de grande porte invadiu a contram\u00e3o em um trecho de curva devidamente sinalizado, provocando uma colis\u00e3o frontal com uma motocicleta ocupada por dois irm\u00e3os, Wellington Oliveira Almeida, de 31 anos, e William Oliveira Almeida, de 27, as v\u00edtimas sofreram m\u00faltiplas les\u00f5es e morreram ainda no local.<\/p>\n\n\n\n<p>Segundo o MPMG, o motorista assumiu o risco de causar o resultado morte, caracterizando dolo eventual, ao conduzir o ve\u00edculo em condi\u00e7\u00f5es incompat\u00edveis com a seguran\u00e7a vi\u00e1ria, inclusive com a Carteira Nacional de Habilita\u00e7\u00e3o (CNH) vencida.<\/p>\n\n\n\n<p>A den\u00fancia tamb\u00e9m aponta que o crime foi cometido por motivo torpe, relacionado \u00e0 busca por vantagem econ\u00f4mica diante de jornadas excessivas de trabalho. Al\u00e9m disso, o Minist\u00e9rio P\u00fablico destaca o uso de meio que gerou perigo comum e o fato de que as v\u00edtimas n\u00e3o tiveram chance de defesa, j\u00e1 que foram surpreendidas pela invas\u00e3o repentina da pista contr\u00e1ria.<\/p>\n\n\n\n<p>Ainda conforme apurado, o acusado n\u00e3o prestou socorro \u00e0s v\u00edtimas, deixou o local do acidente e teria tentado dificultar as investiga\u00e7\u00f5es ao alterar o disco do cronotac\u00f3grafo do caminh\u00e3o, equipamento que registra velocidade e tempo de dire\u00e7\u00e3o.<\/p>\n\n\n\n<p>Diante dos fatos, o motorista foi denunciado por duplo homic\u00eddio qualificado, omiss\u00e3o de socorro, fuga do local do acidente e fraude processual. O Minist\u00e9rio P\u00fablico requer que ele seja levado a julgamento pelo Tribunal do J\u00fari, al\u00e9m da repara\u00e7\u00e3o dos danos causados \u00e0s fam\u00edlias das v\u00edtimas e a suspens\u00e3o do direito de dirigir.<\/p>\n\n\n\n<p>A atua\u00e7\u00e3o do Minist\u00e9rio P\u00fablico reafirma o compromisso institucional com a responsabiliza\u00e7\u00e3o de crimes graves no tr\u00e2nsito e com a defesa da vida e da seguran\u00e7a da popula\u00e7\u00e3o.<\/p>\n","protected":false},"excerpt":{"rendered":"<p>O Minist\u00e9rio P\u00fablico de Minas Gerais (MPMG) denunciou um motorista por duplo homic\u00eddio qualificado em decorr\u00eancia de um grave acidente registrado na BR-116, no munic\u00edpio de Dom Cavati, no dia 22 de outubro de 2025. De acordo com as investiga\u00e7\u00f5es, o condutor de um caminh\u00e3o de grande porte invadiu a contram\u00e3o em um trecho de [&hellip;]<\/p>\n","protected":false},"author":2,"featured_media":10021,"comment_status":"open","ping_status":"open","sticky":false,"template":"","format":"standard","meta":{"footnotes":""},"categories":[5],"tags":[],"class_list":["post-10020","post","type-post","status-publish","format-standard","has-post-thumbnail","hentry","category-noticias"],"wpmagazine_modules_lite_featured_media_urls":{"thumbnail":["https:\/\/radioclubedeinhapim.com.br\/wp-content\/uploads\/2026\/04\/5-2-150x150.jpg",150,150,true],"cvmm-medium":["https:\/\/radioclubedeinhapim.com.br\/wp-content\/uploads\/2026\/04\/5-2-300x300.jpg",300,300,true],"cvmm-medium-plus":["https:\/\/radioclubedeinhapim.com.br\/wp-content\/uploads\/2026\/04\/5-2-305x207.jpg",305,207,true],"cvmm-portrait":["https:\/\/radioclubedeinhapim.com.br\/wp-content\/uploads\/2026\/04\/5-2-400x600.jpg",400,600,true],"cvmm-medium-square":["https:\/\/radioclubedeinhapim.com.br\/wp-content\/uploads\/2026\/04\/5-2-600x600.jpg",600,600,true],"cvmm-large":["https:\/\/radioclubedeinhapim.com.br\/wp-content\/uploads\/2026\/04\/5-2-1024x1024.jpg",1024,1024,true],"cvmm-small":["https:\/\/radioclubedeinhapim.com.br\/wp-content\/uploads\/2026\/04\/5-2-130x95.jpg",130,95,true],"full":["https:\/\/radioclubedeinhapim.com.br\/wp-content\/uploads\/2026\/04\/5-2.jpg",1080,1080,false]},"categories_names":{"5":{"name":"Not\u00edcias","link":"https:\/\/radioclubedeinhapim.com.br\/index.php\/category\/noticias\/"}},"tags_names":[],"comments_number":"0","_links":{"self":[{"href":"https:\/\/radioclubedeinhapim.com.br\/index.php\/wp-json\/wp\/v2\/posts\/10020","targetHints":{"allow":["GET"]}}],"collection":[{"href":"https:\/\/radioclubedeinhapim.com.br\/index.php\/wp-json\/wp\/v2\/posts"}],"about":[{"href":"https:\/\/radioclubedeinhapim.com.br\/index.php\/wp-json\/wp\/v2\/types\/post"}],"author":[{"embeddable":true,"href":"https:\/\/radioclubedeinhapim.com.br\/index.php\/wp-json\/wp\/v2\/users\/2"}],"replies":[{"embeddable":true,"href":"https:\/\/radioclubedeinhapim.com.br\/index.php\/wp-json\/wp\/v2\/comments?post=10020"}],"version-history":[{"count":1,"href":"https:\/\/radioclubedeinhapim.com.br\/index.php\/wp-json\/wp\/v2\/posts\/10020\/revisions"}],"predecessor-version":[{"id":10022,"href":"https:\/\/radioclubedeinhapim.com.br\/index.php\/wp-json\/wp\/v2\/posts\/10020\/revisions\/10022"}],"wp:featuredmedia":[{"embeddable":true,"href":"https:\/\/radioclubedeinhapim.com.br\/index.php\/wp-json\/wp\/v2\/media\/10021"}],"wp:attachment":[{"href":"https:\/\/radioclubedeinhapim.com.br\/index.php\/wp-json\/wp\/v2\/media?parent=10020"}],"wp:term":[{"taxonomy":"category","embeddable":true,"href":"https:\/\/radioclubedeinhapim.com.br\/index.php\/wp-json\/wp\/v2\/categories?post=10020"},{"taxonomy":"post_tag","embeddable":true,"href":"https:\/\/radioclubedeinhapim.com.br\/index.php\/wp-json\/wp\/v2\/tags?post=10020"}],"curies":[{"name":"wp","href":"https:\/\/api.w.org\/{rel}","templated":true}]}}