{"id":10038,"date":"2026-04-29T17:04:24","date_gmt":"2026-04-29T20:04:24","guid":{"rendered":"https:\/\/radioclubedeinhapim.com.br\/?p=10038"},"modified":"2026-04-29T17:04:24","modified_gmt":"2026-04-29T20:04:24","slug":"campanha-contra-o-sarampo-visa-evitar-casos-importados-durante-a-copa","status":"publish","type":"post","link":"https:\/\/radioclubedeinhapim.com.br\/index.php\/2026\/04\/29\/campanha-contra-o-sarampo-visa-evitar-casos-importados-durante-a-copa\/","title":{"rendered":"Campanha contra o sarampo visa evitar casos importados durante a Copa"},"content":{"rendered":"\n<p>Para evitar que as viagens de brasileiros para os jogos da Copa do Mundo se tornem uma brecha para a reintrodu\u00e7\u00e3o do sarampo no Brasil, o Minist\u00e9rio da Sa\u00fade lan\u00e7ou nesta quarta-feira (29) a campanha Vacinar \u00e9 muito Brasil.<\/p>\n\n\n\n<p>A a\u00e7\u00e3o convoca todos os viajantes a atualizarem suas cadernetas antes do embarque para os tr\u00eas pa\u00edses que v\u00e3o receber a competi\u00e7\u00e3o, Estados Unidos, Canad\u00e1 e M\u00e9xico. Juntos, os territ\u00f3rios concentram 67% dos casos de sarampo registrados nas Am\u00e9ricas nos \u00faltimos anos.<\/p>\n\n\n\n<p>Em 2026, at\u00e9 o dia 11 de abril foram confirmadas cerca de 17 mil infec\u00e7\u00f5es nas Am\u00e9ricas, sendo mais de 10 mil no M\u00e9xico, 1792 nos Estados Unidos e 907 no Canad\u00e1. Outro pa\u00eds em surto \u00e9 a Guatemala.<\/p>\n\n\n\n<p>O Brasil mant\u00e9m o status de pa\u00eds livre da doen\u00e7a, reconquistado em 2024, apesar de casos espor\u00e1dicos registrados. Este ano, 3 infec\u00e7\u00f5es foram confirmadas: uma beb\u00ea do estado de S\u00e3o Paulo contaminada na Bol\u00edvia; um homem da Guatemala, que apresentou sintomas tamb\u00e9m em S\u00e3o Paulo; e uma jovem do Rio de Janeiro, que trabalha em um hotel com grande tr\u00e2nsito de turistas internacionais.<\/p>\n\n\n\n<p>Ag\u00eancia Brasil<\/p>\n","protected":false},"excerpt":{"rendered":"<p>Para evitar que as viagens de brasileiros para os jogos da Copa do Mundo se tornem uma brecha para a reintrodu\u00e7\u00e3o do sarampo no Brasil, o Minist\u00e9rio da Sa\u00fade lan\u00e7ou nesta quarta-feira (29) a campanha Vacinar \u00e9 muito Brasil. A a\u00e7\u00e3o convoca todos os viajantes a atualizarem suas cadernetas antes do embarque para os tr\u00eas [&hellip;]<\/p>\n","protected":false},"author":2,"featured_media":10039,"comment_status":"open","ping_status":"open","sticky":false,"template":"","format":"standard","meta":{"footnotes":""},"categories":[1],"tags":[],"class_list":["post-10038","post","type-post","status-publish","format-standard","has-post-thumbnail","hentry","category-uncategorized"],"wpmagazine_modules_lite_featured_media_urls":{"thumbnail":["https:\/\/radioclubedeinhapim.com.br\/wp-content\/uploads\/2026\/04\/6-2-150x150.jpg",150,150,true],"cvmm-medium":["https:\/\/radioclubedeinhapim.com.br\/wp-content\/uploads\/2026\/04\/6-2-300x300.jpg",300,300,true],"cvmm-medium-plus":["https:\/\/radioclubedeinhapim.com.br\/wp-content\/uploads\/2026\/04\/6-2-305x207.jpg",305,207,true],"cvmm-portrait":["https:\/\/radioclubedeinhapim.com.br\/wp-content\/uploads\/2026\/04\/6-2-400x600.jpg",400,600,true],"cvmm-medium-square":["https:\/\/radioclubedeinhapim.com.br\/wp-content\/uploads\/2026\/04\/6-2-600x600.jpg",600,600,true],"cvmm-large":["https:\/\/radioclubedeinhapim.com.br\/wp-content\/uploads\/2026\/04\/6-2-1024x1024.jpg",1024,1024,true],"cvmm-small":["https:\/\/radioclubedeinhapim.com.br\/wp-content\/uploads\/2026\/04\/6-2-130x95.jpg",130,95,true],"full":["https:\/\/radioclubedeinhapim.com.br\/wp-content\/uploads\/2026\/04\/6-2.jpg",1080,1080,false]},"categories_names":{"1":{"name":"Uncategorized","link":"https:\/\/radioclubedeinhapim.com.br\/index.php\/category\/uncategorized\/"}},"tags_names":[],"comments_number":"0","_links":{"self":[{"href":"https:\/\/radioclubedeinhapim.com.br\/index.php\/wp-json\/wp\/v2\/posts\/10038","targetHints":{"allow":["GET"]}}],"collection":[{"href":"https:\/\/radioclubedeinhapim.com.br\/index.php\/wp-json\/wp\/v2\/posts"}],"about":[{"href":"https:\/\/radioclubedeinhapim.com.br\/index.php\/wp-json\/wp\/v2\/types\/post"}],"author":[{"embeddable":true,"href":"https:\/\/radioclubedeinhapim.com.br\/index.php\/wp-json\/wp\/v2\/users\/2"}],"replies":[{"embeddable":true,"href":"https:\/\/radioclubedeinhapim.com.br\/index.php\/wp-json\/wp\/v2\/comments?post=10038"}],"version-history":[{"count":1,"href":"https:\/\/radioclubedeinhapim.com.br\/index.php\/wp-json\/wp\/v2\/posts\/10038\/revisions"}],"predecessor-version":[{"id":10040,"href":"https:\/\/radioclubedeinhapim.com.br\/index.php\/wp-json\/wp\/v2\/posts\/10038\/revisions\/10040"}],"wp:featuredmedia":[{"embeddable":true,"href":"https:\/\/radioclubedeinhapim.com.br\/index.php\/wp-json\/wp\/v2\/media\/10039"}],"wp:attachment":[{"href":"https:\/\/radioclubedeinhapim.com.br\/index.php\/wp-json\/wp\/v2\/media?parent=10038"}],"wp:term":[{"taxonomy":"category","embeddable":true,"href":"https:\/\/radioclubedeinhapim.com.br\/index.php\/wp-json\/wp\/v2\/categories?post=10038"},{"taxonomy":"post_tag","embeddable":true,"href":"https:\/\/radioclubedeinhapim.com.br\/index.php\/wp-json\/wp\/v2\/tags?post=10038"}],"curies":[{"name":"wp","href":"https:\/\/api.w.org\/{rel}","templated":true}]}}