{"id":10042,"date":"2026-04-30T08:43:29","date_gmt":"2026-04-30T11:43:29","guid":{"rendered":"https:\/\/radioclubedeinhapim.com.br\/?p=10042"},"modified":"2026-04-30T08:53:42","modified_gmt":"2026-04-30T11:53:42","slug":"tjmg-mantem-decisao-e-acusado-por-duplo-homicidio-ira-a-juri-popular-em-sao-sebastiao-do-anta","status":"publish","type":"post","link":"https:\/\/radioclubedeinhapim.com.br\/index.php\/2026\/04\/30\/tjmg-mantem-decisao-e-acusado-por-duplo-homicidio-ira-a-juri-popular-em-sao-sebastiao-do-anta\/","title":{"rendered":"TJMG mant\u00e9m decis\u00e3o e acusado por duplo homic\u00eddio ir\u00e1 a j\u00fari popular em S\u00e3o Sebasti\u00e3o do Anta"},"content":{"rendered":"\n<p>O Tribunal de Justi\u00e7a de Minas Gerais (TJMG) decidiu manter a pron\u00fancia de acusado, que ser\u00e1 levado a julgamento pelo Tribunal do J\u00fari pelos crimes de duplo homic\u00eddio qualificado consumado, al\u00e9m de omiss\u00e3o de socorro e fuga do local do acidente. O caso aconteceu no dia 04 de agosto de 2023 em S\u00e3o Sebasti\u00e3o do Anta, na comarca de Inhapim.<\/p>\n\n\n\n<p>De acordo com den\u00fancia do Minist\u00e9rio P\u00fablico de Minas Gerais (MPMG), o acusado dirigia um ve\u00edculo sem habilita\u00e7\u00e3o, sob efeito de \u00e1lcool e em alta velocidade, quando bateu violentamente na traseira de uma motocicleta ocupada por Guilherme Luiz Fagundes e Tiago do Carmo Silveira Silva, ambos de 20 anos.<\/p>\n\n\n\n<p>Com o impacto, as v\u00edtimas foram arremessadas e arrastadas por v\u00e1rios metros, n\u00e3o resistindo aos ferimentos. Ap\u00f3s o acidente, o motorista deixou o local sem prestar socorro e abandonou o ve\u00edculo.<\/p>\n\n\n\n<p>A defesa recorreu pedindo a desclassifica\u00e7\u00e3o do crime para homic\u00eddio culposo, alegando aus\u00eancia de inten\u00e7\u00e3o de matar, al\u00e9m da retirada das qualificadoras. No entanto, a 6\u00aa C\u00e2mara Criminal do TJMG entendeu que h\u00e1 ind\u00edcios suficientes de dolo eventual \u2014 quando o autor assume o risco de causar a morte \u2014 considerando a combina\u00e7\u00e3o de \u00e1lcool, excesso de velocidade, falta de habilita\u00e7\u00e3o e fuga.<\/p>\n\n\n\n<p>O Tribunal destacou ainda que cabe ao Tribunal do J\u00fari decidir se houve dolo eventual ou culpa consciente, mantendo tamb\u00e9m as qualificadoras apontadas pelo Minist\u00e9rio P\u00fablico.<\/p>\n\n\n\n<p>Com a decis\u00e3o, o acusado ser\u00e1 julgado pelo Tribunal do J\u00fari da Comarca de Inhapim.<\/p>\n","protected":false},"excerpt":{"rendered":"<p>O Tribunal de Justi\u00e7a de Minas Gerais (TJMG) decidiu manter a pron\u00fancia de acusado, que ser\u00e1 levado a julgamento pelo Tribunal do J\u00fari pelos crimes de duplo homic\u00eddio qualificado consumado, al\u00e9m de omiss\u00e3o de socorro e fuga do local do acidente. O caso aconteceu no dia 04 de agosto de 2023 em S\u00e3o Sebasti\u00e3o do [&hellip;]<\/p>\n","protected":false},"author":2,"featured_media":10043,"comment_status":"open","ping_status":"open","sticky":false,"template":"","format":"standard","meta":{"footnotes":""},"categories":[5],"tags":[],"class_list":["post-10042","post","type-post","status-publish","format-standard","has-post-thumbnail","hentry","category-noticias"],"wpmagazine_modules_lite_featured_media_urls":{"thumbnail":["https:\/\/radioclubedeinhapim.com.br\/wp-content\/uploads\/2026\/04\/9-1-150x150.jpg",150,150,true],"cvmm-medium":["https:\/\/radioclubedeinhapim.com.br\/wp-content\/uploads\/2026\/04\/9-1-300x300.jpg",300,300,true],"cvmm-medium-plus":["https:\/\/radioclubedeinhapim.com.br\/wp-content\/uploads\/2026\/04\/9-1-305x207.jpg",305,207,true],"cvmm-portrait":["https:\/\/radioclubedeinhapim.com.br\/wp-content\/uploads\/2026\/04\/9-1-400x600.jpg",400,600,true],"cvmm-medium-square":["https:\/\/radioclubedeinhapim.com.br\/wp-content\/uploads\/2026\/04\/9-1-600x600.jpg",600,600,true],"cvmm-large":["https:\/\/radioclubedeinhapim.com.br\/wp-content\/uploads\/2026\/04\/9-1-1024x1024.jpg",1024,1024,true],"cvmm-small":["https:\/\/radioclubedeinhapim.com.br\/wp-content\/uploads\/2026\/04\/9-1-130x95.jpg",130,95,true],"full":["https:\/\/radioclubedeinhapim.com.br\/wp-content\/uploads\/2026\/04\/9-1.jpg",1080,1080,false]},"categories_names":{"5":{"name":"Not\u00edcias","link":"https:\/\/radioclubedeinhapim.com.br\/index.php\/category\/noticias\/"}},"tags_names":[],"comments_number":"0","_links":{"self":[{"href":"https:\/\/radioclubedeinhapim.com.br\/index.php\/wp-json\/wp\/v2\/posts\/10042","targetHints":{"allow":["GET"]}}],"collection":[{"href":"https:\/\/radioclubedeinhapim.com.br\/index.php\/wp-json\/wp\/v2\/posts"}],"about":[{"href":"https:\/\/radioclubedeinhapim.com.br\/index.php\/wp-json\/wp\/v2\/types\/post"}],"author":[{"embeddable":true,"href":"https:\/\/radioclubedeinhapim.com.br\/index.php\/wp-json\/wp\/v2\/users\/2"}],"replies":[{"embeddable":true,"href":"https:\/\/radioclubedeinhapim.com.br\/index.php\/wp-json\/wp\/v2\/comments?post=10042"}],"version-history":[{"count":3,"href":"https:\/\/radioclubedeinhapim.com.br\/index.php\/wp-json\/wp\/v2\/posts\/10042\/revisions"}],"predecessor-version":[{"id":10046,"href":"https:\/\/radioclubedeinhapim.com.br\/index.php\/wp-json\/wp\/v2\/posts\/10042\/revisions\/10046"}],"wp:featuredmedia":[{"embeddable":true,"href":"https:\/\/radioclubedeinhapim.com.br\/index.php\/wp-json\/wp\/v2\/media\/10043"}],"wp:attachment":[{"href":"https:\/\/radioclubedeinhapim.com.br\/index.php\/wp-json\/wp\/v2\/media?parent=10042"}],"wp:term":[{"taxonomy":"category","embeddable":true,"href":"https:\/\/radioclubedeinhapim.com.br\/index.php\/wp-json\/wp\/v2\/categories?post=10042"},{"taxonomy":"post_tag","embeddable":true,"href":"https:\/\/radioclubedeinhapim.com.br\/index.php\/wp-json\/wp\/v2\/tags?post=10042"}],"curies":[{"name":"wp","href":"https:\/\/api.w.org\/{rel}","templated":true}]}}